{"id":3149,"date":"2025-11-05T10:40:51","date_gmt":"2025-11-05T13:40:51","guid":{"rendered":"https:\/\/elpueblonoticia.com.ar\/web\/?p=3149"},"modified":"2025-11-05T10:40:51","modified_gmt":"2025-11-05T13:40:51","slug":"integracion-regional-y-cooperacion-con-paraguay-gustavo-valdes-acompano-al-presidente-santiago-pena-en-una-jornada-de-trabajo-en-humaita","status":"publish","type":"post","link":"https:\/\/elpueblonoticia.com.ar\/web\/2025\/11\/05\/integracion-regional-y-cooperacion-con-paraguay-gustavo-valdes-acompano-al-presidente-santiago-pena-en-una-jornada-de-trabajo-en-humaita\/","title":{"rendered":"INTEGRACI\u00d3N REGIONAL Y COOPERACI\u00d3N CON PARAGUAY: Gustavo Vald\u00e9s acompa\u00f1\u00f3 al presidente Santiago Pe\u00f1a en una jornada de trabajo en Humait\u00e1"},"content":{"rendered":"<p><img decoding=\"async\" src=\"https:\/\/www.powernoticias.com\/images\/202511042017194234\" \/><\/p>\n<p>El gobernador Gustavo Vald\u00e9s, junto al gobernador electo Juan Pablo Vald\u00e9s, acompa\u00f1\u00f3 al presidente de la Rep\u00fablica del Paraguay, Santiago Pe\u00f1a, al vicepresidente Pedro Alliana y al gobernador de \u00d1eembuc\u00fa, V\u00edctor Hugo Forner\u00f3n, durante una jornada de trabajo y gesti\u00f3n en la localidad de Humait\u00e1, que refleja el compromiso compartido con el desarrollo y la integraci\u00f3n regional.<\/p>\n<p>Durante el encuentro, las autoridades rindieron homenaje a los H\u00e9roes de la Patria y participaron de la inauguraci\u00f3n de obras de infraestructura, viviendas y programas de becas para j\u00f3venes. Asimismo, se firm\u00f3 el contrato para la pavimentaci\u00f3n de la Ruta Pilar\u2013Boquer\u00f3n\u2013Humait\u00e1, una obra clave que fortalecer\u00e1 la conectividad vial y el progreso econ\u00f3mico de las comunidades paraguayas y de la regi\u00f3n fronteriza.<\/p>\n<p>Vald\u00e9s destac\u00f3 la importancia de consolidar los lazos institucionales y de cooperaci\u00f3n entre Corrientes y Paraguay, promoviendo &#8220;iniciativas que impulsan el desarrollo conjunto, la infraestructura y el progreso de las familias&#8221;, remarc\u00f3.<\/p>\n","protected":false},"excerpt":{"rendered":"<p>El gobernador Gustavo Vald\u00e9s, junto al gobernador electo Juan Pablo Vald\u00e9s, acompa\u00f1\u00f3 al presidente de la Rep\u00fablica del Paraguay, Santiago Pe\u00f1a, al vicepresidente Pedro Alliana y al gobernador de \u00d1eembuc\u00fa, V\u00edctor Hugo Forner\u00f3n, durante una jornada de trabajo y gesti\u00f3n en la localidad de Humait\u00e1, que refleja el compromiso compartido con el desarrollo y la [&hellip;]<\/p>\n","protected":false},"author":2,"featured_media":3150,"comment_status":"open","ping_status":"open","sticky":false,"template":"","format":"standard","meta":{"footnotes":""},"categories":[78],"tags":[],"class_list":{"0":"post-3149","1":"post","2":"type-post","3":"status-publish","4":"format-standard","5":"has-post-thumbnail","7":"category-generales"},"_links":{"self":[{"href":"https:\/\/elpueblonoticia.com.ar\/web\/wp-json\/wp\/v2\/posts\/3149","targetHints":{"allow":["GET"]}}],"collection":[{"href":"https:\/\/elpueblonoticia.com.ar\/web\/wp-json\/wp\/v2\/posts"}],"about":[{"href":"https:\/\/elpueblonoticia.com.ar\/web\/wp-json\/wp\/v2\/types\/post"}],"author":[{"embeddable":true,"href":"https:\/\/elpueblonoticia.com.ar\/web\/wp-json\/wp\/v2\/users\/2"}],"replies":[{"embeddable":true,"href":"https:\/\/elpueblonoticia.com.ar\/web\/wp-json\/wp\/v2\/comments?post=3149"}],"version-history":[{"count":0,"href":"https:\/\/elpueblonoticia.com.ar\/web\/wp-json\/wp\/v2\/posts\/3149\/revisions"}],"wp:featuredmedia":[{"embeddable":true,"href":"https:\/\/elpueblonoticia.com.ar\/web\/wp-json\/wp\/v2\/media\/3150"}],"wp:attachment":[{"href":"https:\/\/elpueblonoticia.com.ar\/web\/wp-json\/wp\/v2\/media?parent=3149"}],"wp:term":[{"taxonomy":"category","embeddable":true,"href":"https:\/\/elpueblonoticia.com.ar\/web\/wp-json\/wp\/v2\/categories?post=3149"},{"taxonomy":"post_tag","embeddable":true,"href":"https:\/\/elpueblonoticia.com.ar\/web\/wp-json\/wp\/v2\/tags?post=3149"}],"curies":[{"name":"wp","href":"https:\/\/api.w.org\/{rel}","templated":true}]}}