{"id":3131,"date":"2025-11-05T10:00:24","date_gmt":"2025-11-05T13:00:24","guid":{"rendered":"https:\/\/elpueblonoticia.com.ar\/web\/?p=3131"},"modified":"2025-11-05T10:00:24","modified_gmt":"2025-11-05T13:00:24","slug":"ex-soldados-de-la-clase-1963-de-goya-seran-homenajeados-en-reencuentro-tras-43-anos","status":"publish","type":"post","link":"https:\/\/elpueblonoticia.com.ar\/web\/2025\/11\/05\/ex-soldados-de-la-clase-1963-de-goya-seran-homenajeados-en-reencuentro-tras-43-anos\/","title":{"rendered":"EX SOLDADOS DE LA CLASE 1963 DE GOYA SER\u00c1N HOMENAJEADOS EN REENCUENTRO TRAS 43 A\u00d1OS"},"content":{"rendered":"<p class=\"x_MsoNormal\" data-olk-copy-source=\"MessageBody\">El pr\u00f3ximo viernes 7 de noviembre desde las 19 horas, en la Casa de la Cultura, ex conscriptos de la clase 1963 se reunir\u00e1n en Goya para un emotivo reencuentro, marcando 43 a\u00f1os desde que cumplieron con el Servicio Militar Obligatorio.<\/p>\n<p class=\"x_MsoNormal\" aria-hidden=\"true\">\n<p class=\"x_MsoNormal\">La iniciativa surge de una organizaci\u00f3n de ex soldados conscriptos de Santa Fe, quienes desean rendir homenaje a aquellos j\u00f3venes de la clase 63 que fueron movilizados durante la Guerra de Malvinas.<\/p>\n<p class=\"x_MsoNormal\" aria-hidden=\"true\">\n<p class=\"x_MsoNormal\">MOVIMIENTO \u201cPOS PATRIA\u201d<\/p>\n<p class=\"x_MsoNormal\">Lisandro Stalla extendi\u00f3 una invitaci\u00f3n a todos los integrantes de la clase 1963: &#8220;Ser\u00e1 un gran placer contar con su presencia, agradecemos a la gente de Santa Fe, a Oscar y sus compa\u00f1eros por su arduo trabajo en esta iniciativa, as\u00ed como al director de Cultura, Manuel \u201cLito\u201d Zampar, a las autoridades de la Municipalidad y al teniente coronel Sergio Ortiz, quien se ofreci\u00f3 a poner a disposici\u00f3n la Banda del Ej\u00e9rcito, una trompeta para hacer un minuto de silencio durante el encuentro\u201d.<\/p>\n<p class=\"x_MsoNormal\" aria-hidden=\"true\">\n<p class=\"x_MsoNormal\">Seg\u00fan explic\u00f3 Stalla, el movimiento &#8220;Pos Patria&#8221; de Santa Fe, dedicado a los ex soldados, fue clave en la organizaci\u00f3n del homenaje: &#8220;Me llamaron para proponerme un reconocimiento a los compa\u00f1eros de la Compa\u00f1\u00eda de Ingenieros 7, ahora Batall\u00f3n de Monte 12, de la clase 63 que fuimos movilizados a la guerra de Malvinas. Siempre digo que nosotros fuimos a la guerra&#8221;.<\/p>\n<p class=\"x_MsoNormal\" aria-hidden=\"true\">\n<p class=\"x_MsoNormal\">A pesar de ser originalmente de la clase 1961, Stalla cumpli\u00f3 el servicio militar gracias a una pr\u00f3rroga. Aunque los soldados de la clase 1962 tambi\u00e9n participaron, este homenaje se centra espec\u00edficamente en la clase 1963, de la cual 29 conscriptos fueron movilizados tras una selecci\u00f3n inicial de 30.<\/p>\n<p class=\"x_MsoNormal\" aria-hidden=\"true\">\n<p class=\"x_MsoNormal\">LA GUERRA DE MALVINAS<\/p>\n<p class=\"x_MsoNormal\">Stalla record\u00f3 que su incorporaci\u00f3n fue en marzo de 1982. Tras un mes de instrucci\u00f3n en la \u201cForestal\u201d, recibieron la noticia de la guerra y fueron trasladados de vuelta al Regimiento, debido a la reincorporaci\u00f3n de la clase \u201862, los nuevos soldados fueron enviados a sus casas, pero poco despu\u00e9s fueron convocados a trav\u00e9s de LT6 AM, la \u00fanica radio disponible en ese entonces\u201d.<\/p>\n<p class=\"x_MsoNormal\" aria-hidden=\"true\">\n<p class=\"x_MsoNormal\">&#8220;Una vecina me avis\u00f3 de la convocatoria, junto con Gerardo Lezcano nos llevaron r\u00e1pidamente en la camioneta de su padre, nos encontramos alrededor de cien soldados, todos vestidos de civil, un teniente primero, Santili o Cornejo, nos comunic\u00f3 que deb\u00edamos completar la clase 62, de la cual se seleccionar\u00edan 30 soldados, mientras que el resto regresar\u00eda a sus hogares&#8221;, relat\u00f3 el ex soldado de la clase \u201863.<\/p>\n<p class=\"x_MsoNormal\" aria-hidden=\"true\">\n<p class=\"x_MsoNormal\">Stalla tambi\u00e9n coment\u00f3 que algunos j\u00f3venes optaban por irse del pa\u00eds para evitar el servicio militar, aunque en su opini\u00f3n, &#8220;era m\u00e1s f\u00e1cil hacer el servicio que desertar, porque deb\u00edan estar escondidos al menos 10 a\u00f1os, y si te agarraban, era complicado&#8221;.<\/p>\n<p class=\"x_MsoNormal\" aria-hidden=\"true\">\n<p class=\"x_MsoNormal\">C\u00d3MO ERA EL SERVICIO<\/p>\n<p class=\"x_MsoNormal\">En sus declaraciones, Lisandro Stalla, quien tambi\u00e9n forma parte del staff de la Casa de la Cultura, comparti\u00f3 sus vivencias durante su incorporaci\u00f3n al servicio militar obligatorio a principios de 1982.<\/p>\n<p class=\"x_MsoNormal\" aria-hidden=\"true\">\n<p class=\"x_MsoNormal\">Al haber tenido un n\u00famero bajo en el sorteo, tuvo que cumplir con el servicio. El sorteo era un tr\u00e1mite cl\u00e1sico para seleccionar a los conscriptos. Deb\u00edan realizar el servicio militar aquellos que obten\u00edan un n\u00famero superior a 400.<\/p>\n<p class=\"x_MsoNormal\" aria-hidden=\"true\">\n<p class=\"x_MsoNormal\">&#8220;Tengo la p\u00e1gina del diario &#8216;La Raz\u00f3n&#8217; con todo el sorteo de la clase \u201861, que era la m\u00eda. Revis\u00e9 mi n\u00famero de documento y era el 413. Estuve en el borde, porque el n\u00famero bajo cambiaba cada a\u00f1o, dependiendo de la cantidad de nacimientos&#8221;, record\u00f3 dentro del anecdotario de esa \u00e9poca.<\/p>\n<p class=\"x_MsoNormal\" aria-hidden=\"true\">\n<p class=\"x_MsoNormal\">LA FAMOSA INYECCI\u00d3N<\/p>\n<p class=\"x_MsoNormal\">Entre las an\u00e9cdotas que suelen contar los ex soldados destaca el recuerdo de una fuerte vacuna que no todos pod\u00edan soportar. &#8220;Duele, pero no me afect\u00f3. Me acuerdo que, al poco tiempo de ponernos la vacuna, nos mandaron a formar y ve\u00eda c\u00f3mo ca\u00edan algunos camaradas por el efecto de la &#8216;pichicata&#8217;. Nos pusieron esa vacuna al comenzar y nos la volvieron a aplicar un mes y pico despu\u00e9s&#8221;, coment\u00f3 Stalla.<\/p>\n<p class=\"x_MsoNormal\" aria-hidden=\"true\">\n<p class=\"x_MsoNormal\">En el contacto radial mencion\u00f3 que, junto con Hugo Leyes, comenz\u00f3 el servicio militar en 1982 tras haber solicitado una pr\u00f3rroga para estudiar. Leyes luego realiz\u00f3 un curso de aspirante a oficial de reserva y lleg\u00f3 a ser teniente coronel; con \u00e9l &#8211; dijo- \u201ctrabajamos en la organizaci\u00f3n del evento y para \u00e9l tambi\u00e9n va a ser el reconocimiento\u201d.<\/p>\n<p class=\"x_MsoNormal\" aria-hidden=\"true\">\n","protected":false},"excerpt":{"rendered":"<p>El pr\u00f3ximo viernes 7 de noviembre desde las 19 horas, en la Casa de la Cultura, ex conscriptos de la clase 1963 se reunir\u00e1n en Goya para un emotivo reencuentro, marcando 43 a\u00f1os desde que cumplieron con el Servicio Militar Obligatorio. La iniciativa surge de una organizaci\u00f3n de ex soldados conscriptos de Santa Fe, quienes [&hellip;]<\/p>\n","protected":false},"author":2,"featured_media":3132,"comment_status":"open","ping_status":"open","sticky":false,"template":"","format":"standard","meta":{"footnotes":""},"categories":[56],"tags":[],"class_list":{"0":"post-3131","1":"post","2":"type-post","3":"status-publish","4":"format-standard","5":"has-post-thumbnail","7":"category-locales"},"_links":{"self":[{"href":"https:\/\/elpueblonoticia.com.ar\/web\/wp-json\/wp\/v2\/posts\/3131","targetHints":{"allow":["GET"]}}],"collection":[{"href":"https:\/\/elpueblonoticia.com.ar\/web\/wp-json\/wp\/v2\/posts"}],"about":[{"href":"https:\/\/elpueblonoticia.com.ar\/web\/wp-json\/wp\/v2\/types\/post"}],"author":[{"embeddable":true,"href":"https:\/\/elpueblonoticia.com.ar\/web\/wp-json\/wp\/v2\/users\/2"}],"replies":[{"embeddable":true,"href":"https:\/\/elpueblonoticia.com.ar\/web\/wp-json\/wp\/v2\/comments?post=3131"}],"version-history":[{"count":0,"href":"https:\/\/elpueblonoticia.com.ar\/web\/wp-json\/wp\/v2\/posts\/3131\/revisions"}],"wp:featuredmedia":[{"embeddable":true,"href":"https:\/\/elpueblonoticia.com.ar\/web\/wp-json\/wp\/v2\/media\/3132"}],"wp:attachment":[{"href":"https:\/\/elpueblonoticia.com.ar\/web\/wp-json\/wp\/v2\/media?parent=3131"}],"wp:term":[{"taxonomy":"category","embeddable":true,"href":"https:\/\/elpueblonoticia.com.ar\/web\/wp-json\/wp\/v2\/categories?post=3131"},{"taxonomy":"post_tag","embeddable":true,"href":"https:\/\/elpueblonoticia.com.ar\/web\/wp-json\/wp\/v2\/tags?post=3131"}],"curies":[{"name":"wp","href":"https:\/\/api.w.org\/{rel}","templated":true}]}}