{"id":3126,"date":"2025-11-05T09:41:23","date_gmt":"2025-11-05T12:41:23","guid":{"rendered":"https:\/\/elpueblonoticia.com.ar\/web\/?p=3126"},"modified":"2025-11-05T09:41:23","modified_gmt":"2025-11-05T12:41:23","slug":"salon-verde-de-casa-de-gobierno","status":"publish","type":"post","link":"https:\/\/elpueblonoticia.com.ar\/web\/2025\/11\/05\/salon-verde-de-casa-de-gobierno\/","title":{"rendered":"Sal\u00f3n Verde de Casa de Gobierno:"},"content":{"rendered":"<p data-olk-copy-source=\"MessageBody\"><img loading=\"lazy\" decoding=\"async\" class=\"alignnone  wp-image-3128\" src=\"https:\/\/elpueblonoticia.com.ar\/web\/wp-content\/uploads\/2025\/11\/FotoJet-3-300x179.jpg\" alt=\"\" width=\"758\" height=\"452\" srcset=\"https:\/\/elpueblonoticia.com.ar\/web\/wp-content\/uploads\/2025\/11\/FotoJet-3-300x179.jpg 300w, https:\/\/elpueblonoticia.com.ar\/web\/wp-content\/uploads\/2025\/11\/FotoJet-3-768x459.jpg 768w, https:\/\/elpueblonoticia.com.ar\/web\/wp-content\/uploads\/2025\/11\/FotoJet-3-702x420.jpg 702w, https:\/\/elpueblonoticia.com.ar\/web\/wp-content\/uploads\/2025\/11\/FotoJet-3-696x416.jpg 696w, https:\/\/elpueblonoticia.com.ar\/web\/wp-content\/uploads\/2025\/11\/FotoJet-3.jpg 2006w\" sizes=\"auto, (max-width: 758px) 100vw, 758px\" \/><\/p>\n<p class=\"x_MsoNormal\" data-olk-copy-source=\"MessageBody\">LANZAN EN CORRIENTES, 5\u00b0 FESTIVAL DEL ASADO CRIOLLO Y CONCURSO DE ASADORES DE GOYA<\/p>\n<p class=\"x_MsoNormal\">Desde este viernes 7, tradici\u00f3n, m\u00fasica y gastronom\u00eda confluir\u00e1n en Goya para vivir la 5ta Edici\u00f3n del Festival del Asado Criollo y Concurso de Asadores en predio Costa Surub\u00ed. Las alternativas de este evento tur\u00edstico, cultural y gastron\u00f3mico se lanzaron oficialmente este martes a la ma\u00f1ana, para toda la provincia de Corrientes en el Sal\u00f3n Verde de Casa de Gobierno. Cuenta con el auspicio y apoyo de la Municipalidad de Goya.<\/p>\n<p class=\"x_MsoNormal\">El anuncio provincial vino de manos de su organizador, Gustavo Montepeloso. Integraron el panel, el subsecretario de Promoci\u00f3n e Inversiones Tur\u00edsticas Dr. Augusto Costaguta; el Coordinador de Desarrollo Tur\u00edstico Regional, Oscar Mac\u00edas y el Subsecretario de Turismo de la Provincia, David Zajarevich.<\/p>\n<p class=\"x_MsoNormal\">Los anuncios se realizaron antes los periodistas, comunicadores y responsables de portales digitales.<\/p>\n<p class=\"x_MsoNormal\">El evento cuenta con el acompa\u00f1amiento del Gobierno de Corrientes, del Ministerio de Turismo Provincial y de la Municipalidad de Goya, consolid\u00e1ndose como una de las celebraciones gastron\u00f3micas m\u00e1s esperadas del calendario cultural correntino.<\/p>\n<p class=\"x_MsoNormal\">Los presentadores destacaron la importancia de esta propuesta que crece a\u00f1o tras a\u00f1o, revalorizando la identidad y la tradici\u00f3n del sur provincial.<\/p>\n<p class=\"x_MsoNormal\">Durante el lanzamiento, Zajarevich expres\u00f3: \u201cEstamos felices de acompa\u00f1ar una nueva edici\u00f3n de este festival que re\u00fane a la familia, la pasi\u00f3n por la cocina criolla y las ra\u00edces de nuestra provincia. Eventos como este fortalecen el turismo regional y la cultura gastron\u00f3mica correntina\u201d.<\/p>\n<p class=\"x_MsoNormal\">Por su parte, Macias remarc\u00f3 que el Festival del Asado Criollo \u201cdefiende nuestra cultura, nuestra idiosincrasia y nuestro arte culinario\u201d, subrayando que el encuentro se ha convertido en una verdadera expresi\u00f3n de la tradici\u00f3n correntina.<\/p>\n<p class=\"x_MsoNormal\">El evento contar\u00e1 con una feria agroindustrial, stands de artesanos, food trucks, elecci\u00f3n de reina y princesas, y una variada grilla musical con artistas locales y regionales. Entre los shows confirmados se destacan Sim\u00f3n Morales, Los Gauchos Litorale\u00f1os, Los Pr\u00edncipes de Misiones, La Cumbiera, y Paola Bel\u00e9n \u201cLa Gauchita Cumbiera\u201d, quienes pondr\u00e1n ritmo y color a las tres jornadas de celebraci\u00f3n.<\/p>\n<p class=\"x_MsoNormal\">En cuanto al concurso de asadores, se espera la participaci\u00f3n de m\u00e1s de 25 equipos provenientes de diferentes puntos del pa\u00eds \u2014incluidos C\u00f3rdoba, Misiones, Santiago del Estero, entre otros\u2014, entre ellos la campeona argentina del concurso femenino de asadores de Colonia Caroya. Las inscripciones son gratuitas, y cada grupo participante podr\u00e1 vender lo que cocine, generando as\u00ed un circuito solidario y participativo.<\/p>\n<p class=\"x_MsoNormal\">Los organizadores anticiparon adem\u00e1s una importante bater\u00eda de premios, que incluir\u00e1 reconocimientos en efectivo.<\/p>\n<p class=\"x_MsoNormal\">La entrada ser\u00e1 libre y gratuita durante el d\u00eda domingo, mientras que el viernes y s\u00e1bado se cobrar\u00e1 un bono contribuci\u00f3n simb\u00f3lico.<\/p>\n<p class=\"x_MsoNormal\">DE INTER\u00c9S TUR\u00cdSTICO PROVINCIAL<\/p>\n<p class=\"x_MsoNormal\">El Festival del Asado Criollo y Concurso de Asadores fue declarado de Inter\u00e9s Tur\u00edstico Provincial por el Ministerio de Turismo de Corrientes, en reconocimiento a su aporte a la promoci\u00f3n cultural y gastron\u00f3mica de la provincia.<\/p>\n<p class=\"x_MsoNormal\">Con una propuesta que combina sabores, m\u00fasica y tradici\u00f3n, Goya se prepara para recibir a visitantes de toda la regi\u00f3n en un fin de semana ideal para disfrutar en familia y celebrar la esencia del correntino.<\/p>\n<p class=\"x_MsoNormal\">El evento se realizar\u00e1 los d\u00edas viernes 7, s\u00e1bado 8 y domingo 9 de noviembre en el predio Costa Surub\u00ed. Recordemos que este a\u00f1o se dar\u00e1 la bienvenida al D\u00eda de la Tradici\u00f3n a celebrarse en todo el pa\u00eds cada 10 de noviembre.<\/p>\n<p class=\"x_MsoNormal\">INSCRIPCI\u00d3N AL CONCURSO DE ASADORES<\/p>\n<p class=\"x_MsoNormal\">La actividad principal de la festividad, es un concurso de asadores del cual puede participar todo aquel que est\u00e9 interesado. La inscripci\u00f3n a dicho concurso es gratuita y adem\u00e1s hay premios y regalos para el primer, segundo y tercer puesto.<\/p>\n<p class=\"x_MsoNormal\">Este es el link del formulario para anotarse al concurso.<\/p>\n<p class=\"x_MsoNormal\" aria-hidden=\"true\">\n<p class=\"x_MsoNormal\"><a title=\"https:\/\/docs.google.com\/forms\/d\/e\/1FAIpQLSf1WrmfYoFjfy8iR5kgMr_RhIVUpQw2JMGyNJNanq4Fgxfd7g\/viewform\" href=\"https:\/\/docs.google.com\/forms\/d\/e\/1FAIpQLSf1WrmfYoFjfy8iR5kgMr_RhIVUpQw2JMGyNJNanq4Fgxfd7g\/viewform\" data-auth=\"NotApplicable\" data-linkindex=\"0\">https:\/\/docs.google.com\/forms\/d\/e\/1FAIpQLSf1WrmfYoFjfy8iR5kgMr_RhIVUpQw2JMGyNJNanq4Fgxfd7g\/viewform<\/a><\/p>\n<p class=\"x_MsoNormal\" aria-hidden=\"true\">\n","protected":false},"excerpt":{"rendered":"<p>LANZAN EN CORRIENTES, 5\u00b0 FESTIVAL DEL ASADO CRIOLLO Y CONCURSO DE ASADORES DE GOYA Desde este viernes 7, tradici\u00f3n, m\u00fasica y gastronom\u00eda confluir\u00e1n en Goya para vivir la 5ta Edici\u00f3n del Festival del Asado Criollo y Concurso de Asadores en predio Costa Surub\u00ed. Las alternativas de este evento tur\u00edstico, cultural y gastron\u00f3mico se lanzaron oficialmente [&hellip;]<\/p>\n","protected":false},"author":2,"featured_media":3127,"comment_status":"open","ping_status":"open","sticky":false,"template":"","format":"standard","meta":{"footnotes":""},"categories":[78],"tags":[],"class_list":{"0":"post-3126","1":"post","2":"type-post","3":"status-publish","4":"format-standard","5":"has-post-thumbnail","7":"category-generales"},"_links":{"self":[{"href":"https:\/\/elpueblonoticia.com.ar\/web\/wp-json\/wp\/v2\/posts\/3126","targetHints":{"allow":["GET"]}}],"collection":[{"href":"https:\/\/elpueblonoticia.com.ar\/web\/wp-json\/wp\/v2\/posts"}],"about":[{"href":"https:\/\/elpueblonoticia.com.ar\/web\/wp-json\/wp\/v2\/types\/post"}],"author":[{"embeddable":true,"href":"https:\/\/elpueblonoticia.com.ar\/web\/wp-json\/wp\/v2\/users\/2"}],"replies":[{"embeddable":true,"href":"https:\/\/elpueblonoticia.com.ar\/web\/wp-json\/wp\/v2\/comments?post=3126"}],"version-history":[{"count":0,"href":"https:\/\/elpueblonoticia.com.ar\/web\/wp-json\/wp\/v2\/posts\/3126\/revisions"}],"wp:featuredmedia":[{"embeddable":true,"href":"https:\/\/elpueblonoticia.com.ar\/web\/wp-json\/wp\/v2\/media\/3127"}],"wp:attachment":[{"href":"https:\/\/elpueblonoticia.com.ar\/web\/wp-json\/wp\/v2\/media?parent=3126"}],"wp:term":[{"taxonomy":"category","embeddable":true,"href":"https:\/\/elpueblonoticia.com.ar\/web\/wp-json\/wp\/v2\/categories?post=3126"},{"taxonomy":"post_tag","embeddable":true,"href":"https:\/\/elpueblonoticia.com.ar\/web\/wp-json\/wp\/v2\/tags?post=3126"}],"curies":[{"name":"wp","href":"https:\/\/api.w.org\/{rel}","templated":true}]}}