{"id":3116,"date":"2025-11-05T08:29:38","date_gmt":"2025-11-05T11:29:38","guid":{"rendered":"https:\/\/elpueblonoticia.com.ar\/web\/?p=3116"},"modified":"2025-11-05T08:29:38","modified_gmt":"2025-11-05T11:29:38","slug":"capacitacion-en-prevencion-del-suicidio-para-docentes-y-tutores-en-goya","status":"publish","type":"post","link":"https:\/\/elpueblonoticia.com.ar\/web\/2025\/11\/05\/capacitacion-en-prevencion-del-suicidio-para-docentes-y-tutores-en-goya\/","title":{"rendered":"CAPACITACI\u00d3N EN PREVENCI\u00d3N DEL SUICIDIO PARA DOCENTES Y TUTORES EN GOYA"},"content":{"rendered":"<p><img loading=\"lazy\" decoding=\"async\" class=\"alignnone  wp-image-3118\" src=\"https:\/\/elpueblonoticia.com.ar\/web\/wp-content\/uploads\/2025\/11\/FotoJet-1-1-250x300.jpg\" alt=\"\" width=\"837\" height=\"1004\" srcset=\"https:\/\/elpueblonoticia.com.ar\/web\/wp-content\/uploads\/2025\/11\/FotoJet-1-1-250x300.jpg 250w, https:\/\/elpueblonoticia.com.ar\/web\/wp-content\/uploads\/2025\/11\/FotoJet-1-1-768x920.jpg 768w, https:\/\/elpueblonoticia.com.ar\/web\/wp-content\/uploads\/2025\/11\/FotoJet-1-1-350x420.jpg 350w, https:\/\/elpueblonoticia.com.ar\/web\/wp-content\/uploads\/2025\/11\/FotoJet-1-1-696x834.jpg 696w, https:\/\/elpueblonoticia.com.ar\/web\/wp-content\/uploads\/2025\/11\/FotoJet-1-1-1068x1280.jpg 1068w, https:\/\/elpueblonoticia.com.ar\/web\/wp-content\/uploads\/2025\/11\/FotoJet-1-1.jpg 1200w\" sizes=\"auto, (max-width: 837px) 100vw, 837px\" \/><\/p>\n<p class=\"x_MsoNormal\"><span data-olk-copy-source=\"MessageBody\">En un esfuerzo por fortalecer la \u00a0salud mental de los j\u00f3venes, en Escuela Secundaria Gregoria Morales se realiz\u00f3 capacitaci\u00f3n en prevenci\u00f3n del suicidio, dirigida a docentes y tutores. M\u00e1s de 80 personas participaron en la iniciativa, respondiendo a la creciente preocupaci\u00f3n por el bienestar de los estudiantes.<\/span><\/p>\n<p class=\"x_MsoNormal\">\u00a0La capacitaci\u00f3n se llev\u00f3 a cabo en la ma\u00f1ana del viernes 31 de octubre, a cargo de la Directora de Salud Mental, Lic. Sabrina Coronel; el Lic. Rodrigo Giordano y el equipo de esta \u00e1rea municipal. Durante la jornada, se proporcionaron herramientas y conocimientos esenciales para identificar se\u00f1ales de alerta y ofrecer apoyo a quienes lo necesiten.<\/p>\n<p class=\"x_MsoNormal\">\u00a0&#8220;Es fundamental que las escuelas cuenten con personal capacitado para detectar y abordar situaciones de riesgo&#8221;, expres\u00f3 la Lic. Coronel. &#8220;Estas capacitaciones son esenciales para brindar a los docentes y tutores las herramientas necesarias para acompa\u00f1ar a los j\u00f3venes y proteger su salud mental&#8221;.<\/p>\n<p class=\"x_MsoNormal\">\u00a0La Direcci\u00f3n de Salud Mental se encuentra a disposici\u00f3n de todas las instituciones educativas que deseen solicitar capacitaciones similares.<\/p>\n<p class=\"x_MsoNormal\">\u00a0CONTACTO:<\/p>\n<p class=\"x_MsoNormal\">\u00a0Direcci\u00f3n de Salud Mental<\/p>\n<p class=\"x_MsoNormal\">Jos\u00e9 Mar\u00eda Soto y Av. Sarmiento, Goya, Corrientes<\/p>\n<p class=\"x_MsoNormal\">S\u00edguelos en Instagram: direcciondesaludmentalgoya<\/p>\n","protected":false},"excerpt":{"rendered":"<p>En un esfuerzo por fortalecer la \u00a0salud mental de los j\u00f3venes, en Escuela Secundaria Gregoria Morales se realiz\u00f3 capacitaci\u00f3n en prevenci\u00f3n del suicidio, dirigida a docentes y tutores. M\u00e1s de 80 personas participaron en la iniciativa, respondiendo a la creciente preocupaci\u00f3n por el bienestar de los estudiantes. \u00a0La capacitaci\u00f3n se llev\u00f3 a cabo en la [&hellip;]<\/p>\n","protected":false},"author":2,"featured_media":3117,"comment_status":"open","ping_status":"open","sticky":false,"template":"","format":"standard","meta":{"footnotes":""},"categories":[56],"tags":[],"class_list":{"0":"post-3116","1":"post","2":"type-post","3":"status-publish","4":"format-standard","5":"has-post-thumbnail","7":"category-locales"},"_links":{"self":[{"href":"https:\/\/elpueblonoticia.com.ar\/web\/wp-json\/wp\/v2\/posts\/3116","targetHints":{"allow":["GET"]}}],"collection":[{"href":"https:\/\/elpueblonoticia.com.ar\/web\/wp-json\/wp\/v2\/posts"}],"about":[{"href":"https:\/\/elpueblonoticia.com.ar\/web\/wp-json\/wp\/v2\/types\/post"}],"author":[{"embeddable":true,"href":"https:\/\/elpueblonoticia.com.ar\/web\/wp-json\/wp\/v2\/users\/2"}],"replies":[{"embeddable":true,"href":"https:\/\/elpueblonoticia.com.ar\/web\/wp-json\/wp\/v2\/comments?post=3116"}],"version-history":[{"count":0,"href":"https:\/\/elpueblonoticia.com.ar\/web\/wp-json\/wp\/v2\/posts\/3116\/revisions"}],"wp:featuredmedia":[{"embeddable":true,"href":"https:\/\/elpueblonoticia.com.ar\/web\/wp-json\/wp\/v2\/media\/3117"}],"wp:attachment":[{"href":"https:\/\/elpueblonoticia.com.ar\/web\/wp-json\/wp\/v2\/media?parent=3116"}],"wp:term":[{"taxonomy":"category","embeddable":true,"href":"https:\/\/elpueblonoticia.com.ar\/web\/wp-json\/wp\/v2\/categories?post=3116"},{"taxonomy":"post_tag","embeddable":true,"href":"https:\/\/elpueblonoticia.com.ar\/web\/wp-json\/wp\/v2\/tags?post=3116"}],"curies":[{"name":"wp","href":"https:\/\/api.w.org\/{rel}","templated":true}]}}