{"id":3104,"date":"2025-11-05T07:37:25","date_gmt":"2025-11-05T10:37:25","guid":{"rendered":"https:\/\/elpueblonoticia.com.ar\/web\/?p=3104"},"modified":"2025-11-05T07:37:25","modified_gmt":"2025-11-05T10:37:25","slug":"el-festival-de-cine-goya-2025-comienza-antes-de-que-se-enciendan-las-pantallas","status":"publish","type":"post","link":"https:\/\/elpueblonoticia.com.ar\/web\/2025\/11\/05\/el-festival-de-cine-goya-2025-comienza-antes-de-que-se-enciendan-las-pantallas\/","title":{"rendered":"EL FESTIVAL DE CINE GOYA 2025 COMIENZA ANTES DE QUE SE ENCIENDAN LAS PANTALLAS"},"content":{"rendered":"<p data-olk-copy-source=\"MessageBody\"><img loading=\"lazy\" decoding=\"async\" class=\"alignnone size-medium wp-image-3106\" src=\"https:\/\/elpueblonoticia.com.ar\/web\/wp-content\/uploads\/2025\/11\/pre-festival-de-cine-2-240x300.jpeg\" alt=\"\" width=\"240\" height=\"300\" srcset=\"https:\/\/elpueblonoticia.com.ar\/web\/wp-content\/uploads\/2025\/11\/pre-festival-de-cine-2-240x300.jpeg 240w, https:\/\/elpueblonoticia.com.ar\/web\/wp-content\/uploads\/2025\/11\/pre-festival-de-cine-2-819x1024.jpeg 819w, https:\/\/elpueblonoticia.com.ar\/web\/wp-content\/uploads\/2025\/11\/pre-festival-de-cine-2-768x960.jpeg 768w, https:\/\/elpueblonoticia.com.ar\/web\/wp-content\/uploads\/2025\/11\/pre-festival-de-cine-2-336x420.jpeg 336w, https:\/\/elpueblonoticia.com.ar\/web\/wp-content\/uploads\/2025\/11\/pre-festival-de-cine-2-696x870.jpeg 696w, https:\/\/elpueblonoticia.com.ar\/web\/wp-content\/uploads\/2025\/11\/pre-festival-de-cine-2-1068x1335.jpeg 1068w, https:\/\/elpueblonoticia.com.ar\/web\/wp-content\/uploads\/2025\/11\/pre-festival-de-cine-2.jpeg 1152w\" sizes=\"auto, (max-width: 240px) 100vw, 240px\" \/><img loading=\"lazy\" decoding=\"async\" class=\"alignnone size-medium wp-image-3107\" src=\"https:\/\/elpueblonoticia.com.ar\/web\/wp-content\/uploads\/2025\/11\/pre-festival-de-cine-3-240x300.jpeg\" alt=\"\" width=\"240\" height=\"300\" srcset=\"https:\/\/elpueblonoticia.com.ar\/web\/wp-content\/uploads\/2025\/11\/pre-festival-de-cine-3-240x300.jpeg 240w, https:\/\/elpueblonoticia.com.ar\/web\/wp-content\/uploads\/2025\/11\/pre-festival-de-cine-3-819x1024.jpeg 819w, https:\/\/elpueblonoticia.com.ar\/web\/wp-content\/uploads\/2025\/11\/pre-festival-de-cine-3-768x960.jpeg 768w, https:\/\/elpueblonoticia.com.ar\/web\/wp-content\/uploads\/2025\/11\/pre-festival-de-cine-3-336x420.jpeg 336w, https:\/\/elpueblonoticia.com.ar\/web\/wp-content\/uploads\/2025\/11\/pre-festival-de-cine-3-696x870.jpeg 696w, https:\/\/elpueblonoticia.com.ar\/web\/wp-content\/uploads\/2025\/11\/pre-festival-de-cine-3-1068x1335.jpeg 1068w, https:\/\/elpueblonoticia.com.ar\/web\/wp-content\/uploads\/2025\/11\/pre-festival-de-cine-3.jpeg 1080w\" sizes=\"auto, (max-width: 240px) 100vw, 240px\" \/><\/p>\n<p class=\"x_MsoNormal\" data-olk-copy-source=\"MessageBody\">Este s\u00e1bado 8 de noviembre, a partir de las 20 horas, el cine y el arte se encontrar\u00e1n en un mismo espacio: MUDA Atelier, ubicado en 9 de Julio 197, para dar inicio a una experiencia \u00fanica que anticipa el esp\u00edritu del Festival de Cine Goya 2025.<\/p>\n<p class=\"x_MsoNormal\">Bajo la consigna de unir miradas y sensibilidades, se presentar\u00e1 una muestra colaborativa que combina proyecciones de cortometrajes seleccionados con la exposici\u00f3n art\u00edstica \u201cCapital y pecado\u201d, donde los artistas Mayra Pfleger (@maypfleger), Mariza Hierro (@mariza_hierro) y Robin Baena (@robin.baena) exploran, desde distintos lenguajes visuales, los v\u00ednculos entre el deseo, la culpa y la ambici\u00f3n.<\/p>\n<p class=\"x_MsoNormal\">Ser\u00e1 una noche para sentir, mirar y pensar el cine desde otro lugar, en un ambiente que invita al di\u00e1logo entre disciplinas, emociones y perspectivas. Esta actividad, que forma parte del programa previo al Festival de Cine Goya 2025, propone un recorte del festival, una experiencia que adelanta la potencia creativa y reflexiva que caracterizar\u00e1 la nueva edici\u00f3n.<\/p>\n<p class=\"x_MsoNormal\">La entrada es libre y gratuita, y representa una oportunidad imperdible para disfrutar del talento local y regional en un encuentro donde el arte, la imagen y la emoci\u00f3n se dan la mano.<\/p>\n<p class=\"x_MsoNormal\">\n<p class=\"x_MsoNormal\">\ud83d\udcc5\u00a0S\u00e1bado 8 de noviembre \u2013 20:00 horas<\/p>\n<p class=\"x_MsoNormal\">\ud83d\udccd\u00a0Espacio MUDA (9 de Julio 197)<\/p>\n<p class=\"x_MsoNormal\">\ud83c\udfac\u00a0Entrada libre y gratuita<\/p>\n","protected":false},"excerpt":{"rendered":"<p>Este s\u00e1bado 8 de noviembre, a partir de las 20 horas, el cine y el arte se encontrar\u00e1n en un mismo espacio: MUDA Atelier, ubicado en 9 de Julio 197, para dar inicio a una experiencia \u00fanica que anticipa el esp\u00edritu del Festival de Cine Goya 2025. Bajo la consigna de unir miradas y sensibilidades, [&hellip;]<\/p>\n","protected":false},"author":2,"featured_media":3105,"comment_status":"open","ping_status":"open","sticky":false,"template":"","format":"standard","meta":{"footnotes":""},"categories":[56],"tags":[],"class_list":{"0":"post-3104","1":"post","2":"type-post","3":"status-publish","4":"format-standard","5":"has-post-thumbnail","7":"category-locales"},"_links":{"self":[{"href":"https:\/\/elpueblonoticia.com.ar\/web\/wp-json\/wp\/v2\/posts\/3104","targetHints":{"allow":["GET"]}}],"collection":[{"href":"https:\/\/elpueblonoticia.com.ar\/web\/wp-json\/wp\/v2\/posts"}],"about":[{"href":"https:\/\/elpueblonoticia.com.ar\/web\/wp-json\/wp\/v2\/types\/post"}],"author":[{"embeddable":true,"href":"https:\/\/elpueblonoticia.com.ar\/web\/wp-json\/wp\/v2\/users\/2"}],"replies":[{"embeddable":true,"href":"https:\/\/elpueblonoticia.com.ar\/web\/wp-json\/wp\/v2\/comments?post=3104"}],"version-history":[{"count":0,"href":"https:\/\/elpueblonoticia.com.ar\/web\/wp-json\/wp\/v2\/posts\/3104\/revisions"}],"wp:featuredmedia":[{"embeddable":true,"href":"https:\/\/elpueblonoticia.com.ar\/web\/wp-json\/wp\/v2\/media\/3105"}],"wp:attachment":[{"href":"https:\/\/elpueblonoticia.com.ar\/web\/wp-json\/wp\/v2\/media?parent=3104"}],"wp:term":[{"taxonomy":"category","embeddable":true,"href":"https:\/\/elpueblonoticia.com.ar\/web\/wp-json\/wp\/v2\/categories?post=3104"},{"taxonomy":"post_tag","embeddable":true,"href":"https:\/\/elpueblonoticia.com.ar\/web\/wp-json\/wp\/v2\/tags?post=3104"}],"curies":[{"name":"wp","href":"https:\/\/api.w.org\/{rel}","templated":true}]}}