{"id":3096,"date":"2025-11-04T13:36:46","date_gmt":"2025-11-04T16:36:46","guid":{"rendered":"https:\/\/elpueblonoticia.com.ar\/web\/?p=3096"},"modified":"2025-11-04T13:36:46","modified_gmt":"2025-11-04T16:36:46","slug":"vialidad-nacional-realizara-tareas-de-bacheo-sobre-el-puente-paso-de-los-libres-uruguaiana","status":"publish","type":"post","link":"https:\/\/elpueblonoticia.com.ar\/web\/2025\/11\/04\/vialidad-nacional-realizara-tareas-de-bacheo-sobre-el-puente-paso-de-los-libres-uruguaiana\/","title":{"rendered":"Vialidad Nacional realizar\u00e1 tareas de bacheo sobre el puente Paso de los Libres\u2013Uruguaiana"},"content":{"rendered":"<p><strong>Info general<\/strong><\/p>\n<p>4 de Noviembre de 2025<\/p>\n<div class=\"x14z9mp xat24cr x1lziwak x1vvkbs xtlvy1s x126k92a\">\n<div dir=\"auto\">Entre el lunes 3 y el viernes 7 de noviembre, Vialidad Nacional llevar\u00e1 a cabo trabajos de bacheo en la calzada del Puente Internacional Agust\u00edn P. Justo\u2013Getulio Vargas, que conecta las ciudades de Paso de los Libres (Argentina) y Uruguaiana (Brasil).<\/div>\n<\/div>\n<div class=\"x14z9mp xat24cr x1lziwak x1vvkbs xtlvy1s x126k92a\">\n<div dir=\"auto\">Las tareas se desarrollar\u00e1n en el tramo del lado argentino y en los accesos al puente, con el objetivo de mejorar la resistencia y durabilidad del viaducto, optimizando las condiciones de tr\u00e1nsito y maniobra hacia el Centro de Control Fronterizo.<\/div>\n<\/div>\n<div class=\"x14z9mp xat24cr x1lziwak x1vvkbs xtlvy1s x126k92a\">\n<div dir=\"auto\">Los trabajos se realizar\u00e1n entre las 20:30 y las 6:30 horas, per\u00edodo durante el cual el tr\u00e1nsito pesado permanecer\u00e1 interrumpido, mientras que el tr\u00e1nsito liviano ser\u00e1 asistido por personal y banderilleros.<\/div>\n<\/div>\n<div class=\"x14z9mp xat24cr x1lziwak x1vvkbs xtlvy1s x126k92a\">\n<div dir=\"auto\">Desde Vialidad Nacional se recomienda circular con precauci\u00f3n, respetar la se\u00f1alizaci\u00f3n y atender las indicaciones de los operarios durante la ejecuci\u00f3n de las obras.<\/div>\n<\/div>\n","protected":false},"excerpt":{"rendered":"<p>Info general 4 de Noviembre de 2025 Entre el lunes 3 y el viernes 7 de noviembre, Vialidad Nacional llevar\u00e1 a cabo trabajos de bacheo en la calzada del Puente Internacional Agust\u00edn P. Justo\u2013Getulio Vargas, que conecta las ciudades de Paso de los Libres (Argentina) y Uruguaiana (Brasil). Las tareas se desarrollar\u00e1n en el tramo [&hellip;]<\/p>\n","protected":false},"author":2,"featured_media":3097,"comment_status":"open","ping_status":"open","sticky":false,"template":"","format":"standard","meta":{"footnotes":""},"categories":[77],"tags":[],"class_list":{"0":"post-3096","1":"post","2":"type-post","3":"status-publish","4":"format-standard","5":"has-post-thumbnail","7":"category-paso-de-los-libres"},"_links":{"self":[{"href":"https:\/\/elpueblonoticia.com.ar\/web\/wp-json\/wp\/v2\/posts\/3096","targetHints":{"allow":["GET"]}}],"collection":[{"href":"https:\/\/elpueblonoticia.com.ar\/web\/wp-json\/wp\/v2\/posts"}],"about":[{"href":"https:\/\/elpueblonoticia.com.ar\/web\/wp-json\/wp\/v2\/types\/post"}],"author":[{"embeddable":true,"href":"https:\/\/elpueblonoticia.com.ar\/web\/wp-json\/wp\/v2\/users\/2"}],"replies":[{"embeddable":true,"href":"https:\/\/elpueblonoticia.com.ar\/web\/wp-json\/wp\/v2\/comments?post=3096"}],"version-history":[{"count":0,"href":"https:\/\/elpueblonoticia.com.ar\/web\/wp-json\/wp\/v2\/posts\/3096\/revisions"}],"wp:featuredmedia":[{"embeddable":true,"href":"https:\/\/elpueblonoticia.com.ar\/web\/wp-json\/wp\/v2\/media\/3097"}],"wp:attachment":[{"href":"https:\/\/elpueblonoticia.com.ar\/web\/wp-json\/wp\/v2\/media?parent=3096"}],"wp:term":[{"taxonomy":"category","embeddable":true,"href":"https:\/\/elpueblonoticia.com.ar\/web\/wp-json\/wp\/v2\/categories?post=3096"},{"taxonomy":"post_tag","embeddable":true,"href":"https:\/\/elpueblonoticia.com.ar\/web\/wp-json\/wp\/v2\/tags?post=3096"}],"curies":[{"name":"wp","href":"https:\/\/api.w.org\/{rel}","templated":true}]}}