{"id":3091,"date":"2025-11-04T12:33:42","date_gmt":"2025-11-04T15:33:42","guid":{"rendered":"https:\/\/elpueblonoticia.com.ar\/web\/?p=3091"},"modified":"2025-11-04T12:33:42","modified_gmt":"2025-11-04T15:33:42","slug":"alarmante-sucesion-de-accidentes-viales-reforzaran-mas-del-doble-a-los-controles-en-las-rutas-nacionales","status":"publish","type":"post","link":"https:\/\/elpueblonoticia.com.ar\/web\/2025\/11\/04\/alarmante-sucesion-de-accidentes-viales-reforzaran-mas-del-doble-a-los-controles-en-las-rutas-nacionales\/","title":{"rendered":"ALARMANTE SUCESI\u00d3N DE ACCIDENTES VIALES: Reforzar\u00e1n m\u00e1s del doble a los controles en las rutas nacionales"},"content":{"rendered":"<p>Las autoridades advirtieron que la mayor\u00eda de los siniestros no se debe al estado de las rutas, sino a imprudencias de los conductores.<\/p>\n<p>En las \u00faltimas semanas una serie de accidentes, registrados en distintos tramos de su recorrido dentro de la provincia de Corrientes, puso en evidencia la urgencia de reforzar las medidas de control y prevenci\u00f3n.<\/p>\n<p>Frente a este escenario, el Consejo Federal de Seguridad Vial resolvi\u00f3 incrementar m\u00e1s del doble los operativos en rutas provinciales y nacionales, con especial foco en la 14, que conecta el noreste argentino y que desde hace d\u00e9cadas es tristemente conocida como &#8220;la ruta de la muerte&#8221;.<\/p>\n<p>El subsecretario de Seguridad Vial, y presidente del Consejo Federal, Juan Manuel Saloj, confirm\u00f3 que actualmente se desarrollan dos operativos m\u00f3viles simult\u00e1neos en la Ruta nacional 14, adem\u00e1s de una red de controles fijos y din\u00e1micos en las principales arterias de ingreso y salida de la provincia. &#8220;Estamos trabajando fuertemente en bajar la siniestralidad. La gente viene mejorando sus veh\u00edculos, pero tambi\u00e9n levanta m\u00e1s velocidad, y eso hace que pierdan el control en algunos casos&#8221;, explic\u00f3 el funcionario en declaraciones a Radionord.<\/p>\n<p><b>ALTA VELOCIDAD<\/b><\/p>\n<p>Las estad\u00edsticas del Observatorio de Seguridad Vial de Corrientes son contundentes: el 95% de los siniestros tienen origen en fallas humanas, no en el estado de las rutas. &#8220;El ciudadano tiene que cumplir su rol y respetar las leyes de tr\u00e1nsito. Los carteles de velocidad y se\u00f1alizaci\u00f3n no est\u00e1n de adorno; indican c\u00f3mo debemos conducir para evitar accidentes, sobre todo en curvas pronunciadas o tramos peligrosos&#8221;, remarc\u00f3 Saloj.<\/p>\n<p>El diagn\u00f3stico refleja un problema cultural m\u00e1s que estructural. A pesar de los reclamos por la falta de mantenimiento en algunos sectores, los peritos coinciden en que la causa principal de los siniestros es la imprudencia al volante: exceso de velocidad, sobrepasos indebidos, consumo de alcohol y distracciones. &#8220;La responsabilidad y la prudencia al conducir son esenciales. Esto nos iguala a todos: no importa la edad, el sexo o la condici\u00f3n social; un siniestro puede afectarnos a cualquiera&#8221;, advirti\u00f3 el subsecretario, apelando a la conciencia colectiva de los conductores.<\/p>\n<p>El refuerzo de los controles se concentrar\u00e1 durante los meses de mayor circulaci\u00f3n, cuando el movimiento tur\u00edstico, el transporte de carga y los traslados laborales incrementan la densidad vehicular. Para ello, se desplegar\u00e1n equipos con radares m\u00f3viles, alcohol\u00edmetros, controles de documentaci\u00f3n y fiscalizaci\u00f3n de velocidades m\u00e1ximas. Los operativos combinan la participaci\u00f3n de fuerzas provinciales, gendarmer\u00eda y municipios. &#8220;El Estado tiene la obligaci\u00f3n de controlar, pero el ciudadano tambi\u00e9n debe cuidarse y cuidar a los dem\u00e1s. La seguridad vial es una construcci\u00f3n compartida&#8221;, subray\u00f3 Saloj.<\/p>\n<p>Norte Corrientes<\/p>\n","protected":false},"excerpt":{"rendered":"<p>Las autoridades advirtieron que la mayor\u00eda de los siniestros no se debe al estado de las rutas, sino a imprudencias de los conductores. En las \u00faltimas semanas una serie de accidentes, registrados en distintos tramos de su recorrido dentro de la provincia de Corrientes, puso en evidencia la urgencia de reforzar las medidas de control [&hellip;]<\/p>\n","protected":false},"author":2,"featured_media":3092,"comment_status":"open","ping_status":"open","sticky":false,"template":"","format":"standard","meta":{"footnotes":""},"categories":[78],"tags":[],"class_list":{"0":"post-3091","1":"post","2":"type-post","3":"status-publish","4":"format-standard","5":"has-post-thumbnail","7":"category-generales"},"_links":{"self":[{"href":"https:\/\/elpueblonoticia.com.ar\/web\/wp-json\/wp\/v2\/posts\/3091","targetHints":{"allow":["GET"]}}],"collection":[{"href":"https:\/\/elpueblonoticia.com.ar\/web\/wp-json\/wp\/v2\/posts"}],"about":[{"href":"https:\/\/elpueblonoticia.com.ar\/web\/wp-json\/wp\/v2\/types\/post"}],"author":[{"embeddable":true,"href":"https:\/\/elpueblonoticia.com.ar\/web\/wp-json\/wp\/v2\/users\/2"}],"replies":[{"embeddable":true,"href":"https:\/\/elpueblonoticia.com.ar\/web\/wp-json\/wp\/v2\/comments?post=3091"}],"version-history":[{"count":0,"href":"https:\/\/elpueblonoticia.com.ar\/web\/wp-json\/wp\/v2\/posts\/3091\/revisions"}],"wp:featuredmedia":[{"embeddable":true,"href":"https:\/\/elpueblonoticia.com.ar\/web\/wp-json\/wp\/v2\/media\/3092"}],"wp:attachment":[{"href":"https:\/\/elpueblonoticia.com.ar\/web\/wp-json\/wp\/v2\/media?parent=3091"}],"wp:term":[{"taxonomy":"category","embeddable":true,"href":"https:\/\/elpueblonoticia.com.ar\/web\/wp-json\/wp\/v2\/categories?post=3091"},{"taxonomy":"post_tag","embeddable":true,"href":"https:\/\/elpueblonoticia.com.ar\/web\/wp-json\/wp\/v2\/tags?post=3091"}],"curies":[{"name":"wp","href":"https:\/\/api.w.org\/{rel}","templated":true}]}}