{"id":3083,"date":"2025-11-04T12:10:05","date_gmt":"2025-11-04T15:10:05","guid":{"rendered":"https:\/\/elpueblonoticia.com.ar\/web\/?p=3083"},"modified":"2025-11-04T12:10:05","modified_gmt":"2025-11-04T15:10:05","slug":"mientras-las-ventas-de-0-km-siguen-al-alza-baja-el-consumo-de-combustibles","status":"publish","type":"post","link":"https:\/\/elpueblonoticia.com.ar\/web\/2025\/11\/04\/mientras-las-ventas-de-0-km-siguen-al-alza-baja-el-consumo-de-combustibles\/","title":{"rendered":"Mientras las ventas de 0 km siguen al alza, baja el consumo de combustibles"},"content":{"rendered":"<p>Como viene sucediendo en todo el a\u00f1o, septiembre mostr\u00f3 un panorama de fuertes contrastes para los indicadores clave del consumo en Corrientes. Mientras que la matriculaci\u00f3n de veh\u00edculos nuevos, tanto autos como motos, experiment\u00f3 un significativo impulso interanual, la demanda de combustible mostr\u00f3 una clara retracci\u00f3n.<br \/>\nEste escenario se desprende del \u00faltimo informe de Indicadores Econ\u00f3micos publicado por el Instituto Provincial de Estad\u00edstica y Ciencia de Datos (Ipecd).<\/p>\n<p>MOTOS<\/p>\n<p>El sector de las motocicletas fue el gran protagonista del mes en t\u00e9rminos de crecimiento. Se patentaron 2.036 unidades 0 km en la provincia, lo que representa un impresionante crecimiento del 34,9 por ciento si se lo compara con el mismo mes del a\u00f1o anterior (septiembre de 2024).<br \/>\nEste dinamismo no solo fue interanual; el sector tambi\u00e9n mostr\u00f3 un s\u00f3lido desempe\u00f1o en el corto plazo, con un alza del 4,3 por ciento respecto a agosto, seg\u00fan los datos desestacionalizados. A nivel nacional, la tendencia fue similar, con un incremento interanual del 45 por ciento.<\/p>\n<p>AUTOS<\/p>\n<p>El patentamiento de autom\u00f3viles 0 km acompa\u00f1\u00f3 la tendencia positiva del parque automotor. Durante septiembre se registraron 1.145 autos nuevos en Corrientes, marcando un s\u00f3lido aumento interanual del 17,8 por ciento.<br \/>\nEn la comparaci\u00f3n de corto plazo, el sector tuvo una leve disminuci\u00f3n desestacionalizada del 1,8 por ciento respecto al mes anterior.<br \/>\nEl informe del Ipecd tambi\u00e9n provee contexto regional, destacando que el promedio mensual de patentamientos en Corrientes (891 unidades) es superior al promedio general de la regi\u00f3n NEA (636 unidades).<\/p>\n<p>SURTIDORES<\/p>\n<p>En contrapartida a la expansi\u00f3n del parque automotor, el indicador que mide el consumo de combustible mostr\u00f3 una clara retracci\u00f3n.<br \/>\nDurante el mes de septiembre se vendieron un total de 38.353 metros c\u00fabicos de combustible. Esta cifra representa una ca\u00edda del 4,4 por ciento si se la compara con el volumen vendido en septiembre de 2024.<br \/>\nLa tendencia a la baja tambi\u00e9n se confirm\u00f3 en la comparaci\u00f3n mensual: la venta de combustible registr\u00f3 una disminuci\u00f3n del 3,4 por ciento respecto a agosto (en t\u00e9rminos desestacionalizados).<\/p>\n","protected":false},"excerpt":{"rendered":"<p>Como viene sucediendo en todo el a\u00f1o, septiembre mostr\u00f3 un panorama de fuertes contrastes para los indicadores clave del consumo en Corrientes. Mientras que la matriculaci\u00f3n de veh\u00edculos nuevos, tanto autos como motos, experiment\u00f3 un significativo impulso interanual, la demanda de combustible mostr\u00f3 una clara retracci\u00f3n. Este escenario se desprende del \u00faltimo informe de Indicadores [&hellip;]<\/p>\n","protected":false},"author":2,"featured_media":3084,"comment_status":"open","ping_status":"open","sticky":false,"template":"","format":"standard","meta":{"footnotes":""},"categories":[78],"tags":[],"class_list":{"0":"post-3083","1":"post","2":"type-post","3":"status-publish","4":"format-standard","5":"has-post-thumbnail","7":"category-generales"},"_links":{"self":[{"href":"https:\/\/elpueblonoticia.com.ar\/web\/wp-json\/wp\/v2\/posts\/3083","targetHints":{"allow":["GET"]}}],"collection":[{"href":"https:\/\/elpueblonoticia.com.ar\/web\/wp-json\/wp\/v2\/posts"}],"about":[{"href":"https:\/\/elpueblonoticia.com.ar\/web\/wp-json\/wp\/v2\/types\/post"}],"author":[{"embeddable":true,"href":"https:\/\/elpueblonoticia.com.ar\/web\/wp-json\/wp\/v2\/users\/2"}],"replies":[{"embeddable":true,"href":"https:\/\/elpueblonoticia.com.ar\/web\/wp-json\/wp\/v2\/comments?post=3083"}],"version-history":[{"count":0,"href":"https:\/\/elpueblonoticia.com.ar\/web\/wp-json\/wp\/v2\/posts\/3083\/revisions"}],"wp:featuredmedia":[{"embeddable":true,"href":"https:\/\/elpueblonoticia.com.ar\/web\/wp-json\/wp\/v2\/media\/3084"}],"wp:attachment":[{"href":"https:\/\/elpueblonoticia.com.ar\/web\/wp-json\/wp\/v2\/media?parent=3083"}],"wp:term":[{"taxonomy":"category","embeddable":true,"href":"https:\/\/elpueblonoticia.com.ar\/web\/wp-json\/wp\/v2\/categories?post=3083"},{"taxonomy":"post_tag","embeddable":true,"href":"https:\/\/elpueblonoticia.com.ar\/web\/wp-json\/wp\/v2\/tags?post=3083"}],"curies":[{"name":"wp","href":"https:\/\/api.w.org\/{rel}","templated":true}]}}