{"id":3075,"date":"2025-11-04T11:33:05","date_gmt":"2025-11-04T14:33:05","guid":{"rendered":"https:\/\/elpueblonoticia.com.ar\/web\/?p=3075"},"modified":"2025-11-04T11:33:05","modified_gmt":"2025-11-04T14:33:05","slug":"tiroteo-en-corrientes-un-joven-muerto-y-un-menor-herido","status":"publish","type":"post","link":"https:\/\/elpueblonoticia.com.ar\/web\/2025\/11\/04\/tiroteo-en-corrientes-un-joven-muerto-y-un-menor-herido\/","title":{"rendered":"Tiroteo en Corrientes: un joven muerto y un menor herido"},"content":{"rendered":"<p>Un efrentamiento con disparos de arma de fuego ocurrido durante la madrugada de este martes en el barrio Paloma de la Paz, en cercan\u00edas de las calles Valdepe\u00f1as y Francia, dej\u00f3 como saldo un joven muerto y un adolescente gravemente herido.<\/p>\n<p>El fallecido ser\u00eda un joven de 23 a\u00f1os de apellido Centuri\u00f3n y el menor, de 17 a\u00f1os, responder\u00eda al apodo de \u00abLaucha\u00bb.<\/p>\n<p>De acuerdo con las primeras averiguaciones, el tiroteo habr\u00eda sido parte de una serie de conflictos entre pandillas que operan en la zona, donde en los \u00faltimos meses se registraron m\u00faltiples ri\u00f1as y ataques similares.<\/p>\n","protected":false},"excerpt":{"rendered":"<p>Un efrentamiento con disparos de arma de fuego ocurrido durante la madrugada de este martes en el barrio Paloma de la Paz, en cercan\u00edas de las calles Valdepe\u00f1as y Francia, dej\u00f3 como saldo un joven muerto y un adolescente gravemente herido. El fallecido ser\u00eda un joven de 23 a\u00f1os de apellido Centuri\u00f3n y el menor, [&hellip;]<\/p>\n","protected":false},"author":2,"featured_media":3076,"comment_status":"open","ping_status":"open","sticky":false,"template":"","format":"standard","meta":{"footnotes":""},"categories":[68],"tags":[],"class_list":{"0":"post-3075","1":"post","2":"type-post","3":"status-publish","4":"format-standard","5":"has-post-thumbnail","7":"category-policiales-nacionales"},"_links":{"self":[{"href":"https:\/\/elpueblonoticia.com.ar\/web\/wp-json\/wp\/v2\/posts\/3075","targetHints":{"allow":["GET"]}}],"collection":[{"href":"https:\/\/elpueblonoticia.com.ar\/web\/wp-json\/wp\/v2\/posts"}],"about":[{"href":"https:\/\/elpueblonoticia.com.ar\/web\/wp-json\/wp\/v2\/types\/post"}],"author":[{"embeddable":true,"href":"https:\/\/elpueblonoticia.com.ar\/web\/wp-json\/wp\/v2\/users\/2"}],"replies":[{"embeddable":true,"href":"https:\/\/elpueblonoticia.com.ar\/web\/wp-json\/wp\/v2\/comments?post=3075"}],"version-history":[{"count":0,"href":"https:\/\/elpueblonoticia.com.ar\/web\/wp-json\/wp\/v2\/posts\/3075\/revisions"}],"wp:featuredmedia":[{"embeddable":true,"href":"https:\/\/elpueblonoticia.com.ar\/web\/wp-json\/wp\/v2\/media\/3076"}],"wp:attachment":[{"href":"https:\/\/elpueblonoticia.com.ar\/web\/wp-json\/wp\/v2\/media?parent=3075"}],"wp:term":[{"taxonomy":"category","embeddable":true,"href":"https:\/\/elpueblonoticia.com.ar\/web\/wp-json\/wp\/v2\/categories?post=3075"},{"taxonomy":"post_tag","embeddable":true,"href":"https:\/\/elpueblonoticia.com.ar\/web\/wp-json\/wp\/v2\/tags?post=3075"}],"curies":[{"name":"wp","href":"https:\/\/api.w.org\/{rel}","templated":true}]}}