{"id":3071,"date":"2025-11-04T11:18:45","date_gmt":"2025-11-04T14:18:45","guid":{"rendered":"https:\/\/elpueblonoticia.com.ar\/web\/?p=3071"},"modified":"2025-11-04T11:18:45","modified_gmt":"2025-11-04T14:18:45","slug":"peregrinacion-y-esperanza-la-vida-consagrada-de-goya-celebro-su-jubileo-en-itati","status":"publish","type":"post","link":"https:\/\/elpueblonoticia.com.ar\/web\/2025\/11\/04\/peregrinacion-y-esperanza-la-vida-consagrada-de-goya-celebro-su-jubileo-en-itati\/","title":{"rendered":"PEREGRINACI\u00d3N Y ESPERANZA: La Vida Consagrada de Goya celebr\u00f3 su Jubileo en Itat\u00ed"},"content":{"rendered":"<p>Presb\u00edteros, di\u00e1conos y la vida consagrada, masculina y femenina de la Di\u00f3cesis de Goya se unieron en peregrinaci\u00f3n el pasado s\u00e1bado 1 de noviembre para participar del Jubileo de la Vida Consagrada. El encuentro tuvo su punto central en la solemne Misa celebrada en la Bas\u00edlica de Nuestra Se\u00f1ora de Itat\u00ed, presidida por el Obispo de Goya, Monse\u00f1or Adolfo Canec\u00edn.<\/p>\n<div>A pesar del d\u00eda lluvioso, considerado un &#8220;signo de una bendici\u00f3n de Dios&#8221;, la jornada estuvo marcada por la fe y la fraternidad. Previamente, los consagrados tuvieron un momento de oraci\u00f3n y de reflexi\u00f3n, luego iniciaron una procesi\u00f3n, desde una escuela contigua, ingresando a la bas\u00edlica por la &#8220;Puerta Santa&#8221;, que fue declarada Templo Jubilar. El Obispo encabez\u00f3 la marcha portando una gran cruz.<\/div>\n<div><\/div>\n<div>En su homil\u00eda, Monse\u00f1or Canec\u00edn exhort\u00f3 a los consagrados a ser &#8220;testigos de esperanzas&#8221; en las &#8220;m\u00faltiples fronteras del mundo moderno&#8221;, recordando las palabras del Papa Le\u00f3n: &#8220;No se cansen de testimoniar la esperanza&#8230; La esperanza no defrauda&#8221; (Rm 5,5).<\/div>\n<div><\/div>\n<div>El Obispo anim\u00f3 a los presentes a reflexionar sobre su vocaci\u00f3n y la acci\u00f3n de Dios en su vida, destacando el sentido de la sinodalidad y el caminar juntos: &#8220;Nos hemos puesto en camino hacia la Casa de Nuestra Madre de Itat\u00ed donde ella nos estaba esperando, para darnos a Jes\u00fas nuestra \u00fanica esperanza.&#8221;<\/div>\n<div><\/div>\n<div>Haciendo un repaso de los eventos sinodales de la Di\u00f3cesis, Monse\u00f1or Canec\u00edn inst\u00f3 a &#8220;renovar la confianza en Dios y con los hermanos, porque, sin esa confianza no podemos caminar juntos&#8221;, y les pidi\u00f3 tomar conciencia de su &#8220;condici\u00f3n de peregrinos&#8221; rezando unos por otros.<\/div>\n<div><\/div>\n<div>El encuentro, que finaliz\u00f3 con rezo del santo rosario en el camar\u00edn de la Virgen de Itat\u00ed, fue un momento agradecido por el diocesano como una instancia que &#8220;renueva la esperanza de seguir entregando nuestras vidas para el Reino de Dios&#8221;.<\/div>\n<div><\/div>\n<div>El Obispo valor\u00f3 la labor pastoral de cada consagrado, haci\u00e9ndose eco de las palabras del Papa Francisco: &#8220;quiero declarar que la Iglesia necesita de ustedes&#8221;.<\/div>\n<div><\/div>\n<div>La jornada concluy\u00f3 con la invitaci\u00f3n a &#8220;seguir rezando por nuestros sacerdotes y por toda la di\u00f3cesis&#8221;. &#8211;<\/div>\n","protected":false},"excerpt":{"rendered":"<p>Presb\u00edteros, di\u00e1conos y la vida consagrada, masculina y femenina de la Di\u00f3cesis de Goya se unieron en peregrinaci\u00f3n el pasado s\u00e1bado 1 de noviembre para participar del Jubileo de la Vida Consagrada. El encuentro tuvo su punto central en la solemne Misa celebrada en la Bas\u00edlica de Nuestra Se\u00f1ora de Itat\u00ed, presidida por el Obispo [&hellip;]<\/p>\n","protected":false},"author":2,"featured_media":3072,"comment_status":"open","ping_status":"open","sticky":false,"template":"","format":"standard","meta":{"footnotes":""},"categories":[78],"tags":[],"class_list":{"0":"post-3071","1":"post","2":"type-post","3":"status-publish","4":"format-standard","5":"has-post-thumbnail","7":"category-generales"},"_links":{"self":[{"href":"https:\/\/elpueblonoticia.com.ar\/web\/wp-json\/wp\/v2\/posts\/3071","targetHints":{"allow":["GET"]}}],"collection":[{"href":"https:\/\/elpueblonoticia.com.ar\/web\/wp-json\/wp\/v2\/posts"}],"about":[{"href":"https:\/\/elpueblonoticia.com.ar\/web\/wp-json\/wp\/v2\/types\/post"}],"author":[{"embeddable":true,"href":"https:\/\/elpueblonoticia.com.ar\/web\/wp-json\/wp\/v2\/users\/2"}],"replies":[{"embeddable":true,"href":"https:\/\/elpueblonoticia.com.ar\/web\/wp-json\/wp\/v2\/comments?post=3071"}],"version-history":[{"count":0,"href":"https:\/\/elpueblonoticia.com.ar\/web\/wp-json\/wp\/v2\/posts\/3071\/revisions"}],"wp:featuredmedia":[{"embeddable":true,"href":"https:\/\/elpueblonoticia.com.ar\/web\/wp-json\/wp\/v2\/media\/3072"}],"wp:attachment":[{"href":"https:\/\/elpueblonoticia.com.ar\/web\/wp-json\/wp\/v2\/media?parent=3071"}],"wp:term":[{"taxonomy":"category","embeddable":true,"href":"https:\/\/elpueblonoticia.com.ar\/web\/wp-json\/wp\/v2\/categories?post=3071"},{"taxonomy":"post_tag","embeddable":true,"href":"https:\/\/elpueblonoticia.com.ar\/web\/wp-json\/wp\/v2\/tags?post=3071"}],"curies":[{"name":"wp","href":"https:\/\/api.w.org\/{rel}","templated":true}]}}