{"id":3068,"date":"2025-11-04T10:50:08","date_gmt":"2025-11-04T13:50:08","guid":{"rendered":"https:\/\/elpueblonoticia.com.ar\/web\/?p=3068"},"modified":"2025-11-04T10:50:08","modified_gmt":"2025-11-04T13:50:08","slug":"cambia-de-fecha-el-vii-encuentro-anual-de-artesanos-emprendedores-y-productores-de-la-frontera","status":"publish","type":"post","link":"https:\/\/elpueblonoticia.com.ar\/web\/2025\/11\/04\/cambia-de-fecha-el-vii-encuentro-anual-de-artesanos-emprendedores-y-productores-de-la-frontera\/","title":{"rendered":"Cambia de fecha el VII Encuentro Anual de Artesanos, Emprendedores y Productores de la Frontera"},"content":{"rendered":"<p><strong>Sociales<\/strong><\/p>\n<p>4 de Noviembre de 2025<\/p>\n<p>El Municipio de Paso de los Libres informa que, por motivos de organizaci\u00f3n y agenda, el VII Encuentro Anual de Artesanos, Emprendedores y Productores de la Frontera, junto a la Expo Pre Navide\u00f1a, se realizar\u00e1 del 13 al 17 de noviembre en Plaza San Mart\u00edn.<\/p>\n<p>Este tradicional evento, que re\u00fane cada a\u00f1o a cientos de artesanos, emprendedores y productores de la regi\u00f3n, ofrecer\u00e1 una nueva edici\u00f3n con propuestas locales, espacio para la venta y exposici\u00f3n, y una oportunidad para fortalecer el trabajo comunitario y la econom\u00eda social.<\/p>\n<p>Desde el Programa Participativo Comunitario se recuerda que las inscripciones contin\u00faan abiertas en Rivadavia 1247, de lunes a viernes de 8 a 12 horas, o por tel\u00e9fono al 3772-463366.<\/p>\n<p>La Gesti\u00f3n del Intendente Mart\u00edn Asc\u00faa, reafirma su compromiso con la promoci\u00f3n de la producci\u00f3n local y la generaci\u00f3n de espacios que impulsen el desarrollo y la participaci\u00f3n ciudadana.<\/p>\n<p>Fuente : Confirmado.com<\/p>\n","protected":false},"excerpt":{"rendered":"<p>Sociales 4 de Noviembre de 2025 El Municipio de Paso de los Libres informa que, por motivos de organizaci\u00f3n y agenda, el VII Encuentro Anual de Artesanos, Emprendedores y Productores de la Frontera, junto a la Expo Pre Navide\u00f1a, se realizar\u00e1 del 13 al 17 de noviembre en Plaza San Mart\u00edn. Este tradicional evento, que [&hellip;]<\/p>\n","protected":false},"author":2,"featured_media":3069,"comment_status":"open","ping_status":"open","sticky":false,"template":"","format":"standard","meta":{"footnotes":""},"categories":[77],"tags":[],"class_list":{"0":"post-3068","1":"post","2":"type-post","3":"status-publish","4":"format-standard","5":"has-post-thumbnail","7":"category-paso-de-los-libres"},"_links":{"self":[{"href":"https:\/\/elpueblonoticia.com.ar\/web\/wp-json\/wp\/v2\/posts\/3068","targetHints":{"allow":["GET"]}}],"collection":[{"href":"https:\/\/elpueblonoticia.com.ar\/web\/wp-json\/wp\/v2\/posts"}],"about":[{"href":"https:\/\/elpueblonoticia.com.ar\/web\/wp-json\/wp\/v2\/types\/post"}],"author":[{"embeddable":true,"href":"https:\/\/elpueblonoticia.com.ar\/web\/wp-json\/wp\/v2\/users\/2"}],"replies":[{"embeddable":true,"href":"https:\/\/elpueblonoticia.com.ar\/web\/wp-json\/wp\/v2\/comments?post=3068"}],"version-history":[{"count":0,"href":"https:\/\/elpueblonoticia.com.ar\/web\/wp-json\/wp\/v2\/posts\/3068\/revisions"}],"wp:featuredmedia":[{"embeddable":true,"href":"https:\/\/elpueblonoticia.com.ar\/web\/wp-json\/wp\/v2\/media\/3069"}],"wp:attachment":[{"href":"https:\/\/elpueblonoticia.com.ar\/web\/wp-json\/wp\/v2\/media?parent=3068"}],"wp:term":[{"taxonomy":"category","embeddable":true,"href":"https:\/\/elpueblonoticia.com.ar\/web\/wp-json\/wp\/v2\/categories?post=3068"},{"taxonomy":"post_tag","embeddable":true,"href":"https:\/\/elpueblonoticia.com.ar\/web\/wp-json\/wp\/v2\/tags?post=3068"}],"curies":[{"name":"wp","href":"https:\/\/api.w.org\/{rel}","templated":true}]}}