{"id":3060,"date":"2025-11-04T10:33:05","date_gmt":"2025-11-04T13:33:05","guid":{"rendered":"https:\/\/elpueblonoticia.com.ar\/web\/?p=3060"},"modified":"2025-11-04T10:33:05","modified_gmt":"2025-11-04T13:33:05","slug":"siguen-los-cambios-en-el-gabinete-renuncio-la-viceministra-de-salud-cecilia-loccisano","status":"publish","type":"post","link":"https:\/\/elpueblonoticia.com.ar\/web\/2025\/11\/04\/siguen-los-cambios-en-el-gabinete-renuncio-la-viceministra-de-salud-cecilia-loccisano\/","title":{"rendered":"Siguen los cambios en el Gabinete: Renunci\u00f3 la viceministra de Salud, Cecilia Loccisano"},"content":{"rendered":"<p><strong><em>Cecilia Loccisano present\u00f3 su renuncia y dejar\u00e1 el Ministerio de Salud<\/em>.<\/strong><\/p>\n<p>Siguen los cambios en el Gabinete:<\/p>\n<p>Renunci\u00f3 la viceministra de Salud, Cecilia Loccisano<\/p>\n<p>La ahora exfuncionaria no explic\u00f3 los motivos de su salida aunque asegur\u00f3 que seguir\u00e1 \u00abacompa\u00f1ando y trabajando para contribuir al desarrollo de un sistema de salud moderno\u00bb.<\/p>\n<p>La viceministra de Salud, Cecilia Loccisano, anunci\u00f3 a trav\u00e9s de sus redes sociales que present\u00f3 su renuncia y no continuar\u00e1 en el Gabinete del presidente Javier Milei. La noticia se da en el marco de importantes cambios dentro del Gobierno, con los nombramientos de Manuel Adorni y Diego Santilli como jefe de Gabinete y ministro de Interior respectivamente.<\/p>\n<p>La ahora exfuncionaria sostuvo: \u00abEl d\u00eda de hoy present\u00e9 mi renuncia al Ministro de Salud, Mario Lugones, al cargo de Secretaria de Gesti\u00f3n Administrativa y Viceministra de Salud de la Naci\u00f3n\u00bb, escribi\u00f3 la funcionaria en su cuenta de X.<\/p>\n","protected":false},"excerpt":{"rendered":"<p>Cecilia Loccisano present\u00f3 su renuncia y dejar\u00e1 el Ministerio de Salud. Siguen los cambios en el Gabinete: Renunci\u00f3 la viceministra de Salud, Cecilia Loccisano La ahora exfuncionaria no explic\u00f3 los motivos de su salida aunque asegur\u00f3 que seguir\u00e1 \u00abacompa\u00f1ando y trabajando para contribuir al desarrollo de un sistema de salud moderno\u00bb. La viceministra de Salud, [&hellip;]<\/p>\n","protected":false},"author":2,"featured_media":3061,"comment_status":"open","ping_status":"open","sticky":false,"template":"","format":"standard","meta":{"footnotes":""},"categories":[64],"tags":[],"class_list":{"0":"post-3060","1":"post","2":"type-post","3":"status-publish","4":"format-standard","5":"has-post-thumbnail","7":"category-nacionales"},"_links":{"self":[{"href":"https:\/\/elpueblonoticia.com.ar\/web\/wp-json\/wp\/v2\/posts\/3060","targetHints":{"allow":["GET"]}}],"collection":[{"href":"https:\/\/elpueblonoticia.com.ar\/web\/wp-json\/wp\/v2\/posts"}],"about":[{"href":"https:\/\/elpueblonoticia.com.ar\/web\/wp-json\/wp\/v2\/types\/post"}],"author":[{"embeddable":true,"href":"https:\/\/elpueblonoticia.com.ar\/web\/wp-json\/wp\/v2\/users\/2"}],"replies":[{"embeddable":true,"href":"https:\/\/elpueblonoticia.com.ar\/web\/wp-json\/wp\/v2\/comments?post=3060"}],"version-history":[{"count":0,"href":"https:\/\/elpueblonoticia.com.ar\/web\/wp-json\/wp\/v2\/posts\/3060\/revisions"}],"wp:featuredmedia":[{"embeddable":true,"href":"https:\/\/elpueblonoticia.com.ar\/web\/wp-json\/wp\/v2\/media\/3061"}],"wp:attachment":[{"href":"https:\/\/elpueblonoticia.com.ar\/web\/wp-json\/wp\/v2\/media?parent=3060"}],"wp:term":[{"taxonomy":"category","embeddable":true,"href":"https:\/\/elpueblonoticia.com.ar\/web\/wp-json\/wp\/v2\/categories?post=3060"},{"taxonomy":"post_tag","embeddable":true,"href":"https:\/\/elpueblonoticia.com.ar\/web\/wp-json\/wp\/v2\/tags?post=3060"}],"curies":[{"name":"wp","href":"https:\/\/api.w.org\/{rel}","templated":true}]}}