{"id":3049,"date":"2025-11-04T10:01:46","date_gmt":"2025-11-04T13:01:46","guid":{"rendered":"https:\/\/elpueblonoticia.com.ar\/web\/?p=3049"},"modified":"2025-11-04T10:01:46","modified_gmt":"2025-11-04T13:01:46","slug":"escuela-municipal-de-musica-alcides-romero","status":"publish","type":"post","link":"https:\/\/elpueblonoticia.com.ar\/web\/2025\/11\/04\/escuela-municipal-de-musica-alcides-romero\/","title":{"rendered":"ESCUELA MUNICIPAL DE M\u00daSICA ALCIDES ROMERO"},"content":{"rendered":"<p data-olk-copy-source=\"MessageBody\"><img loading=\"lazy\" decoding=\"async\" class=\"alignnone size-medium wp-image-3051\" src=\"https:\/\/elpueblonoticia.com.ar\/web\/wp-content\/uploads\/2025\/11\/examen-escuela-de-musica-Alcides-Romero-2-300x247.jpg\" alt=\"\" width=\"300\" height=\"247\" srcset=\"https:\/\/elpueblonoticia.com.ar\/web\/wp-content\/uploads\/2025\/11\/examen-escuela-de-musica-Alcides-Romero-2-300x247.jpg 300w, https:\/\/elpueblonoticia.com.ar\/web\/wp-content\/uploads\/2025\/11\/examen-escuela-de-musica-Alcides-Romero-2-1024x843.jpg 1024w, https:\/\/elpueblonoticia.com.ar\/web\/wp-content\/uploads\/2025\/11\/examen-escuela-de-musica-Alcides-Romero-2-768x632.jpg 768w, https:\/\/elpueblonoticia.com.ar\/web\/wp-content\/uploads\/2025\/11\/examen-escuela-de-musica-Alcides-Romero-2-510x420.jpg 510w, https:\/\/elpueblonoticia.com.ar\/web\/wp-content\/uploads\/2025\/11\/examen-escuela-de-musica-Alcides-Romero-2-696x573.jpg 696w, https:\/\/elpueblonoticia.com.ar\/web\/wp-content\/uploads\/2025\/11\/examen-escuela-de-musica-Alcides-Romero-2-1068x879.jpg 1068w, https:\/\/elpueblonoticia.com.ar\/web\/wp-content\/uploads\/2025\/11\/examen-escuela-de-musica-Alcides-Romero-2.jpg 1280w\" sizes=\"auto, (max-width: 300px) 100vw, 300px\" \/><img loading=\"lazy\" decoding=\"async\" class=\"alignnone size-medium wp-image-3052\" src=\"https:\/\/elpueblonoticia.com.ar\/web\/wp-content\/uploads\/2025\/11\/examen-escuela-de-musica-Alcides-Romero-3-263x300.jpg\" alt=\"\" width=\"263\" height=\"300\" srcset=\"https:\/\/elpueblonoticia.com.ar\/web\/wp-content\/uploads\/2025\/11\/examen-escuela-de-musica-Alcides-Romero-3-263x300.jpg 263w, https:\/\/elpueblonoticia.com.ar\/web\/wp-content\/uploads\/2025\/11\/examen-escuela-de-musica-Alcides-Romero-3-896x1024.jpg 896w, https:\/\/elpueblonoticia.com.ar\/web\/wp-content\/uploads\/2025\/11\/examen-escuela-de-musica-Alcides-Romero-3-768x878.jpg 768w, https:\/\/elpueblonoticia.com.ar\/web\/wp-content\/uploads\/2025\/11\/examen-escuela-de-musica-Alcides-Romero-3-368x420.jpg 368w, https:\/\/elpueblonoticia.com.ar\/web\/wp-content\/uploads\/2025\/11\/examen-escuela-de-musica-Alcides-Romero-3-696x795.jpg 696w, https:\/\/elpueblonoticia.com.ar\/web\/wp-content\/uploads\/2025\/11\/examen-escuela-de-musica-Alcides-Romero-3-1068x1221.jpg 1068w, https:\/\/elpueblonoticia.com.ar\/web\/wp-content\/uploads\/2025\/11\/examen-escuela-de-musica-Alcides-Romero-3.jpg 1120w\" sizes=\"auto, (max-width: 263px) 100vw, 263px\" \/><img loading=\"lazy\" decoding=\"async\" class=\"alignnone size-medium wp-image-3053\" src=\"https:\/\/elpueblonoticia.com.ar\/web\/wp-content\/uploads\/2025\/11\/examen-escuela-de-musica-Alcides-Romero-1-217x300.jpg\" alt=\"\" width=\"217\" height=\"300\" srcset=\"https:\/\/elpueblonoticia.com.ar\/web\/wp-content\/uploads\/2025\/11\/examen-escuela-de-musica-Alcides-Romero-1-217x300.jpg 217w, https:\/\/elpueblonoticia.com.ar\/web\/wp-content\/uploads\/2025\/11\/examen-escuela-de-musica-Alcides-Romero-1-741x1024.jpg 741w, https:\/\/elpueblonoticia.com.ar\/web\/wp-content\/uploads\/2025\/11\/examen-escuela-de-musica-Alcides-Romero-1-768x1062.jpg 768w, https:\/\/elpueblonoticia.com.ar\/web\/wp-content\/uploads\/2025\/11\/examen-escuela-de-musica-Alcides-Romero-1-304x420.jpg 304w, https:\/\/elpueblonoticia.com.ar\/web\/wp-content\/uploads\/2025\/11\/examen-escuela-de-musica-Alcides-Romero-1-696x962.jpg 696w, https:\/\/elpueblonoticia.com.ar\/web\/wp-content\/uploads\/2025\/11\/examen-escuela-de-musica-Alcides-Romero-1.jpg 926w\" sizes=\"auto, (max-width: 217px) 100vw, 217px\" \/><\/p>\n<p class=\"x_MsoNormal\" data-olk-copy-source=\"MessageBody\">Nuevo examen ante el Conservatorio Fracassi.<\/p>\n<p class=\"x_MsoNormal\">Primeros 6 egresados de la Escuela de M\u00fasica<\/p>\n<p class=\"x_MsoNormal\">En la jornada del domingo, de 9 a 13,30 horas, el responsable del Conservatorio Fracassi Sergio Bungs tom\u00f3 el examen a 35 estudiantes de la Escuela Municipal de M\u00fasica, quienes rindieron Teor\u00eda y Solfeo Preparatorio, 1ero, 2do, Diploma Elemental, 4to y Diploma Superior.<\/p>\n<p class=\"x_MsoNormal\" aria-hidden=\"true\">\n","protected":false},"excerpt":{"rendered":"<p>Nuevo examen ante el Conservatorio Fracassi. Primeros 6 egresados de la Escuela de M\u00fasica En la jornada del domingo, de 9 a 13,30 horas, el responsable del Conservatorio Fracassi Sergio Bungs tom\u00f3 el examen a 35 estudiantes de la Escuela Municipal de M\u00fasica, quienes rindieron Teor\u00eda y Solfeo Preparatorio, 1ero, 2do, Diploma Elemental, 4to y [&hellip;]<\/p>\n","protected":false},"author":2,"featured_media":3050,"comment_status":"open","ping_status":"open","sticky":false,"template":"","format":"standard","meta":{"footnotes":""},"categories":[56],"tags":[],"class_list":{"0":"post-3049","1":"post","2":"type-post","3":"status-publish","4":"format-standard","5":"has-post-thumbnail","7":"category-locales"},"_links":{"self":[{"href":"https:\/\/elpueblonoticia.com.ar\/web\/wp-json\/wp\/v2\/posts\/3049","targetHints":{"allow":["GET"]}}],"collection":[{"href":"https:\/\/elpueblonoticia.com.ar\/web\/wp-json\/wp\/v2\/posts"}],"about":[{"href":"https:\/\/elpueblonoticia.com.ar\/web\/wp-json\/wp\/v2\/types\/post"}],"author":[{"embeddable":true,"href":"https:\/\/elpueblonoticia.com.ar\/web\/wp-json\/wp\/v2\/users\/2"}],"replies":[{"embeddable":true,"href":"https:\/\/elpueblonoticia.com.ar\/web\/wp-json\/wp\/v2\/comments?post=3049"}],"version-history":[{"count":0,"href":"https:\/\/elpueblonoticia.com.ar\/web\/wp-json\/wp\/v2\/posts\/3049\/revisions"}],"wp:featuredmedia":[{"embeddable":true,"href":"https:\/\/elpueblonoticia.com.ar\/web\/wp-json\/wp\/v2\/media\/3050"}],"wp:attachment":[{"href":"https:\/\/elpueblonoticia.com.ar\/web\/wp-json\/wp\/v2\/media?parent=3049"}],"wp:term":[{"taxonomy":"category","embeddable":true,"href":"https:\/\/elpueblonoticia.com.ar\/web\/wp-json\/wp\/v2\/categories?post=3049"},{"taxonomy":"post_tag","embeddable":true,"href":"https:\/\/elpueblonoticia.com.ar\/web\/wp-json\/wp\/v2\/tags?post=3049"}],"curies":[{"name":"wp","href":"https:\/\/api.w.org\/{rel}","templated":true}]}}