{"id":3045,"date":"2025-11-04T09:54:51","date_gmt":"2025-11-04T12:54:51","guid":{"rendered":"https:\/\/elpueblonoticia.com.ar\/web\/?p=3045"},"modified":"2025-11-04T09:54:51","modified_gmt":"2025-11-04T12:54:51","slug":"nuevo-curso-de-capacitacion","status":"publish","type":"post","link":"https:\/\/elpueblonoticia.com.ar\/web\/2025\/11\/04\/nuevo-curso-de-capacitacion\/","title":{"rendered":"NUEVO CURSO DE CAPACITACI\u00d3N"},"content":{"rendered":"<p class=\"x_MsoNormal\" data-olk-copy-source=\"MessageBody\">Bloques de color con t\u00e9cnica Microbraids.<\/p>\n<p class=\"x_MsoNormal\">La capacitaci\u00f3n dar\u00e1 inicio el pr\u00f3ximo mi\u00e9rcoles 5 de noviembre, para la cual se halla abierta la inscripci\u00f3n. Cupos limitados.<\/p>\n<p class=\"x_MsoNormal\" aria-hidden=\"true\">\n<p class=\"x_MsoNormal\">La misma se concreta de manera presencial, en la Direcci\u00f3n de Empleo y Capacitaci\u00f3n de la Municipalidad, sita en avenida Neustadt 110.<\/p>\n<p class=\"x_MsoNormal\" aria-hidden=\"true\">\n<p class=\"x_MsoNormal\">Las clases se dictar\u00e1n los d\u00edas lunes de 8 a 10 y de 16,30 a 18,30 horas; y los d\u00edas mi\u00e9rcoles de 8 a 10 y de 19 a 21 horas.<\/p>\n<p class=\"x_MsoNormal\" aria-hidden=\"true\">\n<p class=\"x_MsoNormal\">REQUISITOS:<\/p>\n<p class=\"x_MsoNormal\">Ser mayor de 18 a\u00f1os.<\/p>\n<p class=\"x_MsoNormal\">Fotocopia del DNI.<\/p>\n<p class=\"x_MsoNormal\" aria-hidden=\"true\">\n<p class=\"x_MsoNormal\">MICRO BRAIDS BLOQUE DE COLOR<\/p>\n<p class=\"x_MsoNormal\">Los bloques de color son cortinas de kanecal\u00f3n que permiten tener nuevos tonos en el cabello sin necesidad de maltratar, da\u00f1ar, decolorar o aplicar tintes que resultan da\u00f1inos para la salud de nuestro cabello.<\/p>\n<p class=\"x_MsoNormal\" aria-hidden=\"true\">\n<p class=\"x_MsoNormal\">Junto con un cambio radical, aporta volumen a las cabelleras. Va sujeto con t\u00e9cnica Microbraids que permite tener una amplia aplicaci\u00f3n de colores fantas\u00eda sin decolorar.<\/p>\n","protected":false},"excerpt":{"rendered":"<p>Bloques de color con t\u00e9cnica Microbraids. La capacitaci\u00f3n dar\u00e1 inicio el pr\u00f3ximo mi\u00e9rcoles 5 de noviembre, para la cual se halla abierta la inscripci\u00f3n. Cupos limitados. La misma se concreta de manera presencial, en la Direcci\u00f3n de Empleo y Capacitaci\u00f3n de la Municipalidad, sita en avenida Neustadt 110. Las clases se dictar\u00e1n los d\u00edas lunes [&hellip;]<\/p>\n","protected":false},"author":2,"featured_media":3046,"comment_status":"open","ping_status":"open","sticky":false,"template":"","format":"standard","meta":{"footnotes":""},"categories":[56],"tags":[],"class_list":{"0":"post-3045","1":"post","2":"type-post","3":"status-publish","4":"format-standard","5":"has-post-thumbnail","7":"category-locales"},"_links":{"self":[{"href":"https:\/\/elpueblonoticia.com.ar\/web\/wp-json\/wp\/v2\/posts\/3045","targetHints":{"allow":["GET"]}}],"collection":[{"href":"https:\/\/elpueblonoticia.com.ar\/web\/wp-json\/wp\/v2\/posts"}],"about":[{"href":"https:\/\/elpueblonoticia.com.ar\/web\/wp-json\/wp\/v2\/types\/post"}],"author":[{"embeddable":true,"href":"https:\/\/elpueblonoticia.com.ar\/web\/wp-json\/wp\/v2\/users\/2"}],"replies":[{"embeddable":true,"href":"https:\/\/elpueblonoticia.com.ar\/web\/wp-json\/wp\/v2\/comments?post=3045"}],"version-history":[{"count":0,"href":"https:\/\/elpueblonoticia.com.ar\/web\/wp-json\/wp\/v2\/posts\/3045\/revisions"}],"wp:featuredmedia":[{"embeddable":true,"href":"https:\/\/elpueblonoticia.com.ar\/web\/wp-json\/wp\/v2\/media\/3046"}],"wp:attachment":[{"href":"https:\/\/elpueblonoticia.com.ar\/web\/wp-json\/wp\/v2\/media?parent=3045"}],"wp:term":[{"taxonomy":"category","embeddable":true,"href":"https:\/\/elpueblonoticia.com.ar\/web\/wp-json\/wp\/v2\/categories?post=3045"},{"taxonomy":"post_tag","embeddable":true,"href":"https:\/\/elpueblonoticia.com.ar\/web\/wp-json\/wp\/v2\/tags?post=3045"}],"curies":[{"name":"wp","href":"https:\/\/api.w.org\/{rel}","templated":true}]}}