{"id":3040,"date":"2025-11-04T09:50:25","date_gmt":"2025-11-04T12:50:25","guid":{"rendered":"https:\/\/elpueblonoticia.com.ar\/web\/?p=3040"},"modified":"2025-11-04T09:50:25","modified_gmt":"2025-11-04T12:50:25","slug":"liga-rio-parana-u15-masculino-en-la-paz-amad-trajo-a-goya-un-nuevo-triunfo","status":"publish","type":"post","link":"https:\/\/elpueblonoticia.com.ar\/web\/2025\/11\/04\/liga-rio-parana-u15-masculino-en-la-paz-amad-trajo-a-goya-un-nuevo-triunfo\/","title":{"rendered":"LIGA R\u00cdO PARAN\u00c1 U15 MASCULINO EN LA PAZ:  AMAD TRAJO A GOYA UN NUEVO TRIUNFO"},"content":{"rendered":"<p><img loading=\"lazy\" decoding=\"async\" class=\"alignnone size-medium wp-image-3042\" src=\"https:\/\/elpueblonoticia.com.ar\/web\/wp-content\/uploads\/2025\/11\/basquet-Liga-Rio-Parana-U15-masculino-1-300x225.jpg\" alt=\"\" width=\"300\" height=\"225\" srcset=\"https:\/\/elpueblonoticia.com.ar\/web\/wp-content\/uploads\/2025\/11\/basquet-Liga-Rio-Parana-U15-masculino-1-300x225.jpg 300w, https:\/\/elpueblonoticia.com.ar\/web\/wp-content\/uploads\/2025\/11\/basquet-Liga-Rio-Parana-U15-masculino-1-1024x768.jpg 1024w, https:\/\/elpueblonoticia.com.ar\/web\/wp-content\/uploads\/2025\/11\/basquet-Liga-Rio-Parana-U15-masculino-1-768x576.jpg 768w, https:\/\/elpueblonoticia.com.ar\/web\/wp-content\/uploads\/2025\/11\/basquet-Liga-Rio-Parana-U15-masculino-1-560x420.jpg 560w, https:\/\/elpueblonoticia.com.ar\/web\/wp-content\/uploads\/2025\/11\/basquet-Liga-Rio-Parana-U15-masculino-1-80x60.jpg 80w, https:\/\/elpueblonoticia.com.ar\/web\/wp-content\/uploads\/2025\/11\/basquet-Liga-Rio-Parana-U15-masculino-1-696x522.jpg 696w, https:\/\/elpueblonoticia.com.ar\/web\/wp-content\/uploads\/2025\/11\/basquet-Liga-Rio-Parana-U15-masculino-1-265x198.jpg 265w, https:\/\/elpueblonoticia.com.ar\/web\/wp-content\/uploads\/2025\/11\/basquet-Liga-Rio-Parana-U15-masculino-1.jpg 1040w\" sizes=\"auto, (max-width: 300px) 100vw, 300px\" \/><\/p>\n<p class=\"x_MsoNormal\"><span data-olk-copy-source=\"MessageBody\">El \u00faltimo domingo, 2 de noviembre, el equipo U15 del club del barrio \u201cTapoc\u00f3\u201d cosech\u00f3 una amplia victoria ante el equipo denominado Atl\u00e9tico Litoral de Mar\u00eda Grande, Entre R\u00edos, en una nueva fecha del torneo de la Liga del R\u00edo Paran\u00e1.<\/span><\/p>\n<p class=\"x_MsoNormal\">\n<p class=\"x_MsoNormal\">La liga est\u00e1 conformada por equipos de la vecina provincia, de Esquina y AMAD de Goya.<\/p>\n<p class=\"x_MsoNormal\">\n<p class=\"x_MsoNormal\">El resultado final para los dirigidos por Jos\u00e9 Gonz\u00e1lez fue 89 a 51; en esta oportunidad disputado el partido en la ciudad de La Paz. AMAD recibir\u00e1 el pr\u00f3ximo fin de semana a todos los equipos que participan del torneo.<\/p>\n<p>El certamen organizado por la AEB se juega en la modalidad todos contra todos y es una liga que cuenta con el aval de la Federaci\u00f3n de B\u00e1squetbol de la Provincia de Corrientes y la CAB, por lo que el torneo est\u00e1 registrado en la plataforma GES.<\/p>\n<p>Los clubes que participan son: Foot Ball, Sportiva y Santa Rita (Esquina), AMAD (Goya), Atl\u00e9tico Litoral (Mar\u00eda Grande, ER), Progreso y Urquiza (Santa Elena, ER) y Comercio (La Paz, ER).<\/p>\n","protected":false},"excerpt":{"rendered":"<p>El \u00faltimo domingo, 2 de noviembre, el equipo U15 del club del barrio \u201cTapoc\u00f3\u201d cosech\u00f3 una amplia victoria ante el equipo denominado Atl\u00e9tico Litoral de Mar\u00eda Grande, Entre R\u00edos, en una nueva fecha del torneo de la Liga del R\u00edo Paran\u00e1. La liga est\u00e1 conformada por equipos de la vecina provincia, de Esquina y AMAD [&hellip;]<\/p>\n","protected":false},"author":2,"featured_media":3041,"comment_status":"open","ping_status":"open","sticky":false,"template":"","format":"standard","meta":{"footnotes":""},"categories":[76],"tags":[],"class_list":{"0":"post-3040","1":"post","2":"type-post","3":"status-publish","4":"format-standard","5":"has-post-thumbnail","7":"category-deportes"},"_links":{"self":[{"href":"https:\/\/elpueblonoticia.com.ar\/web\/wp-json\/wp\/v2\/posts\/3040","targetHints":{"allow":["GET"]}}],"collection":[{"href":"https:\/\/elpueblonoticia.com.ar\/web\/wp-json\/wp\/v2\/posts"}],"about":[{"href":"https:\/\/elpueblonoticia.com.ar\/web\/wp-json\/wp\/v2\/types\/post"}],"author":[{"embeddable":true,"href":"https:\/\/elpueblonoticia.com.ar\/web\/wp-json\/wp\/v2\/users\/2"}],"replies":[{"embeddable":true,"href":"https:\/\/elpueblonoticia.com.ar\/web\/wp-json\/wp\/v2\/comments?post=3040"}],"version-history":[{"count":0,"href":"https:\/\/elpueblonoticia.com.ar\/web\/wp-json\/wp\/v2\/posts\/3040\/revisions"}],"wp:featuredmedia":[{"embeddable":true,"href":"https:\/\/elpueblonoticia.com.ar\/web\/wp-json\/wp\/v2\/media\/3041"}],"wp:attachment":[{"href":"https:\/\/elpueblonoticia.com.ar\/web\/wp-json\/wp\/v2\/media?parent=3040"}],"wp:term":[{"taxonomy":"category","embeddable":true,"href":"https:\/\/elpueblonoticia.com.ar\/web\/wp-json\/wp\/v2\/categories?post=3040"},{"taxonomy":"post_tag","embeddable":true,"href":"https:\/\/elpueblonoticia.com.ar\/web\/wp-json\/wp\/v2\/tags?post=3040"}],"curies":[{"name":"wp","href":"https:\/\/api.w.org\/{rel}","templated":true}]}}