{"id":3029,"date":"2025-11-04T09:26:11","date_gmt":"2025-11-04T12:26:11","guid":{"rendered":"https:\/\/elpueblonoticia.com.ar\/web\/?p=3029"},"modified":"2025-11-04T09:26:11","modified_gmt":"2025-11-04T12:26:11","slug":"semana-de-las-artes-en-la-escuela-dr-pedro-alcantara-diaz-colodrero","status":"publish","type":"post","link":"https:\/\/elpueblonoticia.com.ar\/web\/2025\/11\/04\/semana-de-las-artes-en-la-escuela-dr-pedro-alcantara-diaz-colodrero\/","title":{"rendered":"SEMANA DE LAS ARTES EN LA ESCUELA \u201cDr. PEDRO ALCANTARA DIAZ COLODRERO\u201d"},"content":{"rendered":"<p data-olk-copy-source=\"MessageBody\"><img loading=\"lazy\" decoding=\"async\" class=\"alignnone size-medium wp-image-3031\" src=\"https:\/\/elpueblonoticia.com.ar\/web\/wp-content\/uploads\/2025\/11\/semana-de-las-artes-escuela-254-flyr-2-171x300.jpg\" alt=\"\" width=\"171\" height=\"300\" srcset=\"https:\/\/elpueblonoticia.com.ar\/web\/wp-content\/uploads\/2025\/11\/semana-de-las-artes-escuela-254-flyr-2-171x300.jpg 171w, https:\/\/elpueblonoticia.com.ar\/web\/wp-content\/uploads\/2025\/11\/semana-de-las-artes-escuela-254-flyr-2-584x1024.jpg 584w, https:\/\/elpueblonoticia.com.ar\/web\/wp-content\/uploads\/2025\/11\/semana-de-las-artes-escuela-254-flyr-2-240x420.jpg 240w, https:\/\/elpueblonoticia.com.ar\/web\/wp-content\/uploads\/2025\/11\/semana-de-las-artes-escuela-254-flyr-2-696x1220.jpg 696w, https:\/\/elpueblonoticia.com.ar\/web\/wp-content\/uploads\/2025\/11\/semana-de-las-artes-escuela-254-flyr-2.jpg 720w\" sizes=\"auto, (max-width: 171px) 100vw, 171px\" \/><img loading=\"lazy\" decoding=\"async\" class=\"alignnone size-medium wp-image-3032\" src=\"https:\/\/elpueblonoticia.com.ar\/web\/wp-content\/uploads\/2025\/11\/semana-de-las-artes-escuela-254-flyr-3-172x300.jpg\" alt=\"\" width=\"172\" height=\"300\" srcset=\"https:\/\/elpueblonoticia.com.ar\/web\/wp-content\/uploads\/2025\/11\/semana-de-las-artes-escuela-254-flyr-3-172x300.jpg 172w, https:\/\/elpueblonoticia.com.ar\/web\/wp-content\/uploads\/2025\/11\/semana-de-las-artes-escuela-254-flyr-3-588x1024.jpg 588w, https:\/\/elpueblonoticia.com.ar\/web\/wp-content\/uploads\/2025\/11\/semana-de-las-artes-escuela-254-flyr-3-241x420.jpg 241w, https:\/\/elpueblonoticia.com.ar\/web\/wp-content\/uploads\/2025\/11\/semana-de-las-artes-escuela-254-flyr-3-696x1212.jpg 696w, https:\/\/elpueblonoticia.com.ar\/web\/wp-content\/uploads\/2025\/11\/semana-de-las-artes-escuela-254-flyr-3.jpg 720w\" sizes=\"auto, (max-width: 172px) 100vw, 172px\" \/><\/p>\n<p class=\"x_MsoNormal\" data-olk-copy-source=\"MessageBody\">Los d\u00edas 4; 6 y 7 de noviembre la Escuela 254 \u201cDr. Pedro Alc\u00e1ntara D\u00edaz Colodrero abrir\u00e1 sus puertas a la comunidad para exponer obras representadas por alumnos de los diferentes ciclos del nivel primario<\/p>\n<p class=\"x_MsoNormal\">La Directora del Establecimiento M\u00f3nica Samaniego, destaca el \u201cvalor del trabajo desarrollado por las docentes de 1\u00ba a 5\u00ba grado que expondr\u00e1n sus creaciones durante esos d\u00edas.\u201d<\/p>\n<p class=\"x_MsoNormal\" aria-hidden=\"true\">\n<p class=\"x_MsoNormal\">\u201cIniciamos con la muestra de los alumnos del 5\u00ba grado \u201cDe Tanto Tan Tan se fue al Infierno \u201cIndico la Directora del establecimiento educativo<\/p>\n<p class=\"x_MsoNormal\" aria-hidden=\"true\">\n<p class=\"x_MsoNormal\" aria-hidden=\"true\">\n<p class=\"x_MsoNormal\">APERTURA DE LA MUESTRA<\/p>\n<p class=\"x_MsoNormal\" aria-hidden=\"true\">\n<p class=\"x_MsoNormal\">Sobre esta representaci\u00f3n en contacto con Radio Ciudad, la docente Jimena Nicoletti, explic\u00f3: \u201cTrabajamos con libros de chistes, cuentos disparatados, esta obra \u201cDe Tanto Tan Tan se fue al Infierno\u201d \u201cest\u00e1 llena de humor, absurdo, cuenta la historia de Valerio Alvarado, un hombre tan exagerado, que hasta el propio \u201cdiablo\u201d se queda sin palabras, cuentos chistosos, disparatados, llevados despu\u00e9s del proceso de lectura, an\u00e1lisis como obra de teatro, a cargo de los alumnos del 5\u00ba grado, pondremos en escena el martes desde las 9 y 30 horas, es abierta a toda la comunidad.\u201d<\/p>\n<p class=\"x_MsoNormal\" aria-hidden=\"true\">\n<p class=\"x_MsoNormal\" aria-hidden=\"true\">\n<p class=\"x_MsoNormal\">KLOFYNA COLORADA Y EL YAGUARET\u00c9 FEROZ<\/p>\n<p class=\"x_MsoNormal\" aria-hidden=\"true\">\n<p class=\"x_MsoNormal\">La docente del primer grado Natividad Cabrera en el di\u00e1logo radial, se encarg\u00f3 de comentar el trabajo que expondr\u00e1n los alumnos del primer ciclo del nivel primario de la Escuela 254: \u201cEl jueves 6 presentaremos un material que trabajamos durante todo el a\u00f1o del programa \u201cCorrientes Aprende\u201d; del Plan de Lectura, es un personaje nuevo llamada Klofyna, cursado en el plan de alfabetizaci\u00f3n, traemos extraterrestres a los Esteros del Iber\u00e1, para explicar usamos a \u201cCarpi\u201d el personaje, ensamblando con los nuevos \u201cprotagonistas\u201d de all\u00ed el nombre que pusimos a la obra, que invitamos a observar el jueves desde las 9 y 3\u00ba \u201cKlofyna Colorada y el Yaguaret\u00e9 Feroz\u201d.<\/p>\n<p class=\"x_MsoNormal\" aria-hidden=\"true\">\n<p class=\"x_MsoNormal\">\u201cEl cuento es creado con IA (Inteligencia Artificial), -rese\u00f1\u00f3 la docente- trabajado en el aula, desde las ideas y los cuentos que trabajamos surge esta historia a presentar el jueves, usando el recurso tecnol\u00f3gico.\u201d<\/p>\n<p class=\"x_MsoNormal\" aria-hidden=\"true\">\n<p class=\"x_MsoNormal\" aria-hidden=\"true\">\n<p class=\"x_MsoNormal\">LA PALABRA DURMIENTE Y LA ENSALADA DE PALABRAS<\/p>\n<p class=\"x_MsoNormal\" aria-hidden=\"true\">\n<p class=\"x_MsoNormal\">La docente Mar\u00eda Samaniego, por su parte en di\u00e1logo con Radio Ciudad, detall\u00f3 la presentaci\u00f3n del pr\u00f3ximo viernes 7 a cargo de los alumnos del 4\u00ba grado, \u201cEs una historia humor\u00edstica, se trabaja con relatos enmarcados, dos textos en uno, una creatividad combinada del trabajo de los docentes con los alumnos; estos t\u00edtulos, en el caso de La Palabra Durmiente y la Ensalada de Palabras, son propiedad de los propios alumnos y docentes, es parte del proceso del recorrido de lectura durante el a\u00f1o, reflejado en esta semana de las artes que proponemos desde la Escuela.\u201d<\/p>\n<p class=\"x_MsoNormal\" aria-hidden=\"true\">\n<p class=\"x_MsoNormal\">ABIERTA A LA COMUNIDAD<\/p>\n<p class=\"x_MsoNormal\">Desde el martes al viernes la Escuela 254 \u201cDr. Pedro Alc\u00e1ntara D\u00edaz Colodrero\u201d, abrir\u00e1 sus puertas a la comunidad para dar a conocer esta Semana de las Artes, con el objetivo de \u201cmostrar el trabajo que hace la escuela p\u00fablica, en este caso la nuestra, para que no quede \u00fanicamente en la exposici\u00f3n interna, sino tener la apertura hacia la comunidad.\u201d<\/p>\n<p class=\"x_MsoNormal\" aria-hidden=\"true\">\n<p class=\"x_MsoNormal\">USO DE LAS HERRAMIENTAS TECNOL\u00d3GICAS<\/p>\n<p class=\"x_MsoNormal\">La Directora, coment\u00f3: \u201cNosotros debemos utilizar estas herramientas tecnol\u00f3gicas, con el fin educativo, la escuela es el reflejo de lo que sucede en la sociedad, para que aprendan y sepan que no es solo para el juego, interactuar en las redes, sino este prop\u00f3sito pedag\u00f3gico, que adecue al \u00e1mbito de la educaci\u00f3n.\u201d<\/p>\n<p class=\"x_MsoNormal\" aria-hidden=\"true\">\n<p class=\"x_MsoNormal\">\u201cEs importante a partir de este trabajo, de la muestra de esta Semana de las Artes; nuestros alumnos aprendan el valor de nuestras costumbres, nuestra flora, fauna, nuestra cultura, para despertar el conocimiento y as\u00ed puedan cuidar, reiteramos la invitaci\u00f3n a la comunidad para que nos acompa\u00f1e durante los d\u00edas de nuestra muestra.\u201d Concluy\u00f3 la Directora de la Escuela 254, M\u00f3nica Samaniego.<\/p>\n","protected":false},"excerpt":{"rendered":"<p>Los d\u00edas 4; 6 y 7 de noviembre la Escuela 254 \u201cDr. Pedro Alc\u00e1ntara D\u00edaz Colodrero abrir\u00e1 sus puertas a la comunidad para exponer obras representadas por alumnos de los diferentes ciclos del nivel primario La Directora del Establecimiento M\u00f3nica Samaniego, destaca el \u201cvalor del trabajo desarrollado por las docentes de 1\u00ba a 5\u00ba grado [&hellip;]<\/p>\n","protected":false},"author":2,"featured_media":3030,"comment_status":"open","ping_status":"open","sticky":false,"template":"","format":"standard","meta":{"footnotes":""},"categories":[78],"tags":[],"class_list":{"0":"post-3029","1":"post","2":"type-post","3":"status-publish","4":"format-standard","5":"has-post-thumbnail","7":"category-generales"},"_links":{"self":[{"href":"https:\/\/elpueblonoticia.com.ar\/web\/wp-json\/wp\/v2\/posts\/3029","targetHints":{"allow":["GET"]}}],"collection":[{"href":"https:\/\/elpueblonoticia.com.ar\/web\/wp-json\/wp\/v2\/posts"}],"about":[{"href":"https:\/\/elpueblonoticia.com.ar\/web\/wp-json\/wp\/v2\/types\/post"}],"author":[{"embeddable":true,"href":"https:\/\/elpueblonoticia.com.ar\/web\/wp-json\/wp\/v2\/users\/2"}],"replies":[{"embeddable":true,"href":"https:\/\/elpueblonoticia.com.ar\/web\/wp-json\/wp\/v2\/comments?post=3029"}],"version-history":[{"count":0,"href":"https:\/\/elpueblonoticia.com.ar\/web\/wp-json\/wp\/v2\/posts\/3029\/revisions"}],"wp:featuredmedia":[{"embeddable":true,"href":"https:\/\/elpueblonoticia.com.ar\/web\/wp-json\/wp\/v2\/media\/3030"}],"wp:attachment":[{"href":"https:\/\/elpueblonoticia.com.ar\/web\/wp-json\/wp\/v2\/media?parent=3029"}],"wp:term":[{"taxonomy":"category","embeddable":true,"href":"https:\/\/elpueblonoticia.com.ar\/web\/wp-json\/wp\/v2\/categories?post=3029"},{"taxonomy":"post_tag","embeddable":true,"href":"https:\/\/elpueblonoticia.com.ar\/web\/wp-json\/wp\/v2\/tags?post=3029"}],"curies":[{"name":"wp","href":"https:\/\/api.w.org\/{rel}","templated":true}]}}