{"id":3025,"date":"2025-11-04T09:13:57","date_gmt":"2025-11-04T12:13:57","guid":{"rendered":"https:\/\/elpueblonoticia.com.ar\/web\/?p=3025"},"modified":"2025-11-04T09:13:57","modified_gmt":"2025-11-04T12:13:57","slug":"con-cena-agasajo-se-celebra-el-dia-del-empleado-municipal","status":"publish","type":"post","link":"https:\/\/elpueblonoticia.com.ar\/web\/2025\/11\/04\/con-cena-agasajo-se-celebra-el-dia-del-empleado-municipal\/","title":{"rendered":"CON CENA AGASAJO, SE CELEBRA EL D\u00cdA DEL EMPLEADO MUNICIPAL"},"content":{"rendered":"<p class=\"x_MsoNormal\" data-olk-copy-source=\"MessageBody\">El 8 de noviembre se recuerda la creaci\u00f3n de la Confederaci\u00f3n de Trabajadores Municipales y por este motivo se celebra el D\u00eda del Empleado Municipal en todo el pa\u00eds. Personal de la Municipalidad de Goya se adhiere a este emotivo d\u00eda compartiendo una cena de camarader\u00eda.<\/p>\n<p class=\"x_MsoNormal\">Este lunes 3, el organizador de este evento, Alberto Vallejos, popularmente conocido como \u201cVallejitos\u201d adelant\u00f3 algunos aspectos de esta reuni\u00f3n, invitando a compartir una nueva edici\u00f3n de la Fiesta del Empleado Municipal el s\u00e1bado 8 de noviembre a las 20 horas, en Ferre 858, entre Jos\u00e9 Mar\u00eda Soto y Evaristo L\u00f3pez.<\/p>\n<p class=\"x_MsoNormal\">Ser\u00e1 una noche para reencontrarse, celebrar y disfrutar de m\u00fasica en vivo, brindis, sorteos, entrega de presentes y muchas sorpresas m\u00e1s en honor a la gran familia municipal.<\/p>\n<p class=\"x_MsoNormal\">El men\u00fa a compartir ese d\u00eda para los empleados municipales y sus familiares es guiso de arroz amarillo con pollo y choripanes.\u00a0 \u201cTengo el apoyo de muchos comercios y carnicer\u00edas de la ciudad as\u00ed que agradezco a todos sus aportes para los empleados y sus familias\u201d dijo.<\/p>\n<p class=\"x_MsoNormal\">Agradeci\u00f3 asimismo la ayuda de la Municipalidad de Goya y funcionarios que fueron invitados a compartir ese d\u00eda.<\/p>\n<p class=\"x_MsoNormal\">Est\u00e1 confirmada una propuesta de carnaval con el desfile de figuras de Tropical, quien fue ofrecida gentilmente por el referente de dicha comparsa, Jos\u00e9 Luis Vald\u00e9s.<\/p>\n<p class=\"x_MsoNormal\">\u201cEsto lo hacemos entre todos as\u00ed que los esperamos\u201d invit\u00f3.<\/p>\n<p class=\"x_MsoNormal\">Cabe se\u00f1alar que el agasajo es gratuito y solo recomend\u00f3 llevar cubiertos y lo que va a tomar cada uno.<\/p>\n","protected":false},"excerpt":{"rendered":"<p>El 8 de noviembre se recuerda la creaci\u00f3n de la Confederaci\u00f3n de Trabajadores Municipales y por este motivo se celebra el D\u00eda del Empleado Municipal en todo el pa\u00eds. Personal de la Municipalidad de Goya se adhiere a este emotivo d\u00eda compartiendo una cena de camarader\u00eda. Este lunes 3, el organizador de este evento, Alberto [&hellip;]<\/p>\n","protected":false},"author":2,"featured_media":3026,"comment_status":"open","ping_status":"open","sticky":false,"template":"","format":"standard","meta":{"footnotes":""},"categories":[56],"tags":[],"class_list":{"0":"post-3025","1":"post","2":"type-post","3":"status-publish","4":"format-standard","5":"has-post-thumbnail","7":"category-locales"},"_links":{"self":[{"href":"https:\/\/elpueblonoticia.com.ar\/web\/wp-json\/wp\/v2\/posts\/3025","targetHints":{"allow":["GET"]}}],"collection":[{"href":"https:\/\/elpueblonoticia.com.ar\/web\/wp-json\/wp\/v2\/posts"}],"about":[{"href":"https:\/\/elpueblonoticia.com.ar\/web\/wp-json\/wp\/v2\/types\/post"}],"author":[{"embeddable":true,"href":"https:\/\/elpueblonoticia.com.ar\/web\/wp-json\/wp\/v2\/users\/2"}],"replies":[{"embeddable":true,"href":"https:\/\/elpueblonoticia.com.ar\/web\/wp-json\/wp\/v2\/comments?post=3025"}],"version-history":[{"count":0,"href":"https:\/\/elpueblonoticia.com.ar\/web\/wp-json\/wp\/v2\/posts\/3025\/revisions"}],"wp:featuredmedia":[{"embeddable":true,"href":"https:\/\/elpueblonoticia.com.ar\/web\/wp-json\/wp\/v2\/media\/3026"}],"wp:attachment":[{"href":"https:\/\/elpueblonoticia.com.ar\/web\/wp-json\/wp\/v2\/media?parent=3025"}],"wp:term":[{"taxonomy":"category","embeddable":true,"href":"https:\/\/elpueblonoticia.com.ar\/web\/wp-json\/wp\/v2\/categories?post=3025"},{"taxonomy":"post_tag","embeddable":true,"href":"https:\/\/elpueblonoticia.com.ar\/web\/wp-json\/wp\/v2\/tags?post=3025"}],"curies":[{"name":"wp","href":"https:\/\/api.w.org\/{rel}","templated":true}]}}