{"id":3021,"date":"2025-11-04T08:59:05","date_gmt":"2025-11-04T11:59:05","guid":{"rendered":"https:\/\/elpueblonoticia.com.ar\/web\/?p=3021"},"modified":"2025-11-04T08:59:05","modified_gmt":"2025-11-04T11:59:05","slug":"se-concreto-el-pago-de-lo-correspondiente-a-la-actividad-aradas","status":"publish","type":"post","link":"https:\/\/elpueblonoticia.com.ar\/web\/2025\/11\/04\/se-concreto-el-pago-de-lo-correspondiente-a-la-actividad-aradas\/","title":{"rendered":"SE CONCRET\u00d3 EL PAGO DE LO CORRESPONDIENTE A LA ACTIVIDAD ARADAS"},"content":{"rendered":"<p class=\"x_MsoNormal\" data-olk-copy-source=\"MessageBody\">El Instituto Provincial del Tabaco, hace saber que este lunes 03 de noviembre concluy\u00f3 el pago correspondiente al \u00edtem Actividad Arada.<\/p>\n<p class=\"x_MsoNormal\">La mayor parte de los productores ya hab\u00edan recibido el mencionado pago los d\u00edas jueves 30 y viernes 31 de octubre, y un peque\u00f1o grupo de productores recibi\u00f3 el aporte este lunes, como es habitual en forma de dep\u00f3sito en cajas de ahorro.<\/p>\n<p class=\"x_MsoNormal\" aria-hidden=\"true\">\n","protected":false},"excerpt":{"rendered":"<p>El Instituto Provincial del Tabaco, hace saber que este lunes 03 de noviembre concluy\u00f3 el pago correspondiente al \u00edtem Actividad Arada. La mayor parte de los productores ya hab\u00edan recibido el mencionado pago los d\u00edas jueves 30 y viernes 31 de octubre, y un peque\u00f1o grupo de productores recibi\u00f3 el aporte este lunes, como es [&hellip;]<\/p>\n","protected":false},"author":2,"featured_media":3022,"comment_status":"open","ping_status":"open","sticky":false,"template":"","format":"standard","meta":{"footnotes":""},"categories":[78],"tags":[],"class_list":{"0":"post-3021","1":"post","2":"type-post","3":"status-publish","4":"format-standard","5":"has-post-thumbnail","7":"category-generales"},"_links":{"self":[{"href":"https:\/\/elpueblonoticia.com.ar\/web\/wp-json\/wp\/v2\/posts\/3021","targetHints":{"allow":["GET"]}}],"collection":[{"href":"https:\/\/elpueblonoticia.com.ar\/web\/wp-json\/wp\/v2\/posts"}],"about":[{"href":"https:\/\/elpueblonoticia.com.ar\/web\/wp-json\/wp\/v2\/types\/post"}],"author":[{"embeddable":true,"href":"https:\/\/elpueblonoticia.com.ar\/web\/wp-json\/wp\/v2\/users\/2"}],"replies":[{"embeddable":true,"href":"https:\/\/elpueblonoticia.com.ar\/web\/wp-json\/wp\/v2\/comments?post=3021"}],"version-history":[{"count":0,"href":"https:\/\/elpueblonoticia.com.ar\/web\/wp-json\/wp\/v2\/posts\/3021\/revisions"}],"wp:featuredmedia":[{"embeddable":true,"href":"https:\/\/elpueblonoticia.com.ar\/web\/wp-json\/wp\/v2\/media\/3022"}],"wp:attachment":[{"href":"https:\/\/elpueblonoticia.com.ar\/web\/wp-json\/wp\/v2\/media?parent=3021"}],"wp:term":[{"taxonomy":"category","embeddable":true,"href":"https:\/\/elpueblonoticia.com.ar\/web\/wp-json\/wp\/v2\/categories?post=3021"},{"taxonomy":"post_tag","embeddable":true,"href":"https:\/\/elpueblonoticia.com.ar\/web\/wp-json\/wp\/v2\/tags?post=3021"}],"curies":[{"name":"wp","href":"https:\/\/api.w.org\/{rel}","templated":true}]}}