{"id":3016,"date":"2025-11-04T08:48:25","date_gmt":"2025-11-04T11:48:25","guid":{"rendered":"https:\/\/elpueblonoticia.com.ar\/web\/?p=3016"},"modified":"2025-11-04T08:48:25","modified_gmt":"2025-11-04T11:48:25","slug":"feria-de-ciencia-y-tecnologia-nacional","status":"publish","type":"post","link":"https:\/\/elpueblonoticia.com.ar\/web\/2025\/11\/04\/feria-de-ciencia-y-tecnologia-nacional\/","title":{"rendered":"Feria de Ciencia y Tecnolog\u00eda Nacional"},"content":{"rendered":"<p data-olk-copy-source=\"MessageBody\"><img loading=\"lazy\" decoding=\"async\" class=\"alignnone  wp-image-3018\" src=\"https:\/\/elpueblonoticia.com.ar\/web\/wp-content\/uploads\/2025\/11\/FotoJet-1-254x300.jpg\" alt=\"\" width=\"859\" height=\"1015\" srcset=\"https:\/\/elpueblonoticia.com.ar\/web\/wp-content\/uploads\/2025\/11\/FotoJet-1-254x300.jpg 254w, https:\/\/elpueblonoticia.com.ar\/web\/wp-content\/uploads\/2025\/11\/FotoJet-1-866x1024.jpg 866w, https:\/\/elpueblonoticia.com.ar\/web\/wp-content\/uploads\/2025\/11\/FotoJet-1-768x908.jpg 768w, https:\/\/elpueblonoticia.com.ar\/web\/wp-content\/uploads\/2025\/11\/FotoJet-1-1299x1536.jpg 1299w, https:\/\/elpueblonoticia.com.ar\/web\/wp-content\/uploads\/2025\/11\/FotoJet-1-355x420.jpg 355w, https:\/\/elpueblonoticia.com.ar\/web\/wp-content\/uploads\/2025\/11\/FotoJet-1-696x823.jpg 696w, https:\/\/elpueblonoticia.com.ar\/web\/wp-content\/uploads\/2025\/11\/FotoJet-1-1068x1263.jpg 1068w, https:\/\/elpueblonoticia.com.ar\/web\/wp-content\/uploads\/2025\/11\/FotoJet-1.jpg 1445w\" sizes=\"auto, (max-width: 859px) 100vw, 859px\" \/><\/p>\n<p class=\"x_MsoNormal\" data-olk-copy-source=\"MessageBody\">CORRIENTES FUE DESTACADA EN TRES DE CUATRO PROYECTOS DEL EJE CIENT\u00cdFICO EN SALTA<\/p>\n<p class=\"x_MsoNormal\">Finaliz\u00f3 ayer la Tercera Fase de la Feria de Ciencia y Tecnolog\u00eda, Eje Ciencias.<\/p>\n<p class=\"x_MsoNormal\">Esta instancia tuvo lugar en el Centro de Convenciones de Cafayate, provincia de Salta.<\/p>\n<p class=\"x_MsoNormal\">Del 28 hasta el 30 de octubre estudiantes de todo el pa\u00eds expusieron sus proyectos de Ciencias, en el que cada provincia particip\u00f3 con cuatro trabajos ordinarios y uno tem\u00e1tico.<\/p>\n<p class=\"x_MsoNormal\">En estas Ferias, el proyecto es elaborado por la totalidad de los estudiantes de cada grado, curso o divisi\u00f3n, pero en las instancias de exposici\u00f3n, cada trabajo es defendido por un equipo expositor que se compone de dos o tres estudiantes y uno o dos docentes orientadores, seg\u00fan el nivel y la modalidad educativa.<\/p>\n<p class=\"x_MsoNormal\">Corrientes logr\u00f3 obtener nuevamente varios reconocimientos y distinciones que ponen a la jurisdicci\u00f3n una vez m\u00e1s como una de las provincias destacadas en este programa educativo de relevancia nacional e internacional.<\/p>\n<p class=\"x_MsoNormal\">En esta oportunidad los trabajos destacados fueron los siguientes:<\/p>\n<p class=\"x_MsoNormal\">De Nivel Inicial \u201cReserva Santa Catalina y el mono Caray\u00e1\u201d, del EJI N\u00ba 54 del barrio Santa Catalina la ciudad de Corrientes.<\/p>\n<p class=\"x_MsoNormal\">De Nivel Primario \u201cLas abejas, nuestras amigas\u201d de la Escuela Primaria N\u00ba 417 Alejo Camilo L\u00f3pez, de la localidad de Garruchos.<\/p>\n<p class=\"x_MsoNormal\">De Nivel Secundario, por la Modalidad EPJA, recibi\u00f3 no una, sino dos Distinciones el proyecto denominado \u201cTatuajes carcelarios, s\u00edmbolo de paz\u201d, de la UP N\u00ba 6 de San Cayetano. Estas distinciones fueron extendidas por la Comisi\u00f3n Nacional de Evaluaci\u00f3n con el acompa\u00f1amiento de la Fundaci\u00f3n YPF.<\/p>\n<p class=\"x_MsoNormal\">Destacado en el Desaf\u00edo Educativo<\/p>\n<p class=\"x_MsoNormal\">Adem\u00e1s de la presentaci\u00f3n de proyectos de Ferias tambi\u00e9n se lleva a cabo desde el a\u00f1o pasado un Desaf\u00edo Educativo en cada Fase, y en esta oportunidad el estudiante que represent\u00f3 a la provincia de Corrientes, Juli\u00e1n Quispe, de la Escuela Primaria N\u00ba 16 Pedro Ferr\u00e9 de Bella Vista, tambi\u00e9n recibi\u00f3 la distinci\u00f3n nacional junto a la docente asesora Evangelina Dolores Meza.<\/p>\n<p class=\"x_MsoNormal\">Tres finalistas en Desaf\u00edos Creativos<\/p>\n<p class=\"x_MsoNormal\">Este a\u00f1o, acompa\u00f1ando al Programa Nacional de Alfabetizaci\u00f3n, la organizaci\u00f3n nacional de Feria de Ciencia y Tecnolog\u00eda incluy\u00f3 tambi\u00e9n el Programa DESAF\u00cdOS CREATIVOS, Certamen Nacional de creaci\u00f3n Art\u00edstica\/Literaria, que consisten en producci\u00f3n literarias realizadas por estudiantes de todo el pa\u00eds.<\/p>\n<p class=\"x_MsoNormal\">En esta primera edici\u00f3n, si bien no se dio a conocer la cantidad de trabajos presentados, la organizaci\u00f3n habl\u00f3 de \u201cmillares\u201d de producciones literarias presentadas.<\/p>\n<p class=\"x_MsoNormal\">Fueron cuatro cert\u00e1menes los realizados en estos Desaf\u00edos, de los cuales se seleccionaron los cinco mejores en cada rubro que pasaron a ser finalistas, y Corrientes logr\u00f3 consagrar a 3 finalistas:<\/p>\n<p class=\"x_MsoNormal\">En el \u201cDesaf\u00edo de Poes\u00eda\u201d (Nivel Secundario), en el \u201cDesaf\u00edo de Creaci\u00f3n de Historietas\u201d (Nivel Primario) y en el \u201cDesaf\u00edo de Producci\u00f3n de objetos con IA junto con la creaci\u00f3n de una historia sobre el mismo\u201d (Nivel Secundario).<\/p>\n<p class=\"x_MsoNormal\">Los tres finalistas correntinos estar\u00e1n presentes en la Fase Final de Feria de Ciencia y Tecnolog\u00eda a realizarse del 18 al 20 de noviembre en la ciudad de Buenos Aires.<\/p>\n<p class=\"x_MsoNormal\">CORRIENTES ENTREG\u00d3 DISTINCIONES A TRABAJOS DE EDUCACI\u00d3N AMBIENTAL<\/p>\n<p class=\"x_MsoNormal\">Por tercera vez consecutiva Corrientes hizo entrega de Distinciones Especiales a 4 proyectos que se destacaron en el tratamiento del cuidado del ambiente.<\/p>\n<p class=\"x_MsoNormal\">Cada uno de estos Reconocimientos consisti\u00f3 en la entrega de un Diploma para el equipo y ocho publicaciones producidas por el Ministerio de Educaci\u00f3n, a trav\u00e9s de la Direcci\u00f3n de Planeamiento e Investigaci\u00f3n Educativa,<\/p>\n<p class=\"x_MsoNormal\">Las provincias distinguidas por este ministerio fueron La Rioja, C\u00f3rdoba, Jujuy y C.A.B.A.<\/p>\n<p class=\"x_MsoNormal\" aria-hidden=\"true\">\n","protected":false},"excerpt":{"rendered":"<p>CORRIENTES FUE DESTACADA EN TRES DE CUATRO PROYECTOS DEL EJE CIENT\u00cdFICO EN SALTA Finaliz\u00f3 ayer la Tercera Fase de la Feria de Ciencia y Tecnolog\u00eda, Eje Ciencias. Esta instancia tuvo lugar en el Centro de Convenciones de Cafayate, provincia de Salta. Del 28 hasta el 30 de octubre estudiantes de todo el pa\u00eds expusieron sus [&hellip;]<\/p>\n","protected":false},"author":2,"featured_media":3017,"comment_status":"open","ping_status":"open","sticky":false,"template":"","format":"standard","meta":{"footnotes":""},"categories":[78],"tags":[],"class_list":{"0":"post-3016","1":"post","2":"type-post","3":"status-publish","4":"format-standard","5":"has-post-thumbnail","7":"category-generales"},"_links":{"self":[{"href":"https:\/\/elpueblonoticia.com.ar\/web\/wp-json\/wp\/v2\/posts\/3016","targetHints":{"allow":["GET"]}}],"collection":[{"href":"https:\/\/elpueblonoticia.com.ar\/web\/wp-json\/wp\/v2\/posts"}],"about":[{"href":"https:\/\/elpueblonoticia.com.ar\/web\/wp-json\/wp\/v2\/types\/post"}],"author":[{"embeddable":true,"href":"https:\/\/elpueblonoticia.com.ar\/web\/wp-json\/wp\/v2\/users\/2"}],"replies":[{"embeddable":true,"href":"https:\/\/elpueblonoticia.com.ar\/web\/wp-json\/wp\/v2\/comments?post=3016"}],"version-history":[{"count":0,"href":"https:\/\/elpueblonoticia.com.ar\/web\/wp-json\/wp\/v2\/posts\/3016\/revisions"}],"wp:featuredmedia":[{"embeddable":true,"href":"https:\/\/elpueblonoticia.com.ar\/web\/wp-json\/wp\/v2\/media\/3017"}],"wp:attachment":[{"href":"https:\/\/elpueblonoticia.com.ar\/web\/wp-json\/wp\/v2\/media?parent=3016"}],"wp:term":[{"taxonomy":"category","embeddable":true,"href":"https:\/\/elpueblonoticia.com.ar\/web\/wp-json\/wp\/v2\/categories?post=3016"},{"taxonomy":"post_tag","embeddable":true,"href":"https:\/\/elpueblonoticia.com.ar\/web\/wp-json\/wp\/v2\/tags?post=3016"}],"curies":[{"name":"wp","href":"https:\/\/api.w.org\/{rel}","templated":true}]}}