{"id":3009,"date":"2025-11-04T08:32:57","date_gmt":"2025-11-04T11:32:57","guid":{"rendered":"https:\/\/elpueblonoticia.com.ar\/web\/?p=3009"},"modified":"2025-11-04T08:32:57","modified_gmt":"2025-11-04T11:32:57","slug":"paseo-de-los-ninos-una-jornada-llena-de-luz-y-esperanza","status":"publish","type":"post","link":"https:\/\/elpueblonoticia.com.ar\/web\/2025\/11\/04\/paseo-de-los-ninos-una-jornada-llena-de-luz-y-esperanza\/","title":{"rendered":"&#8220;PASEO DE LOS NI\u00d1OS&#8221; \u2013 UNA JORNADA LLENA DE LUZ Y ESPERANZA"},"content":{"rendered":"<p data-olk-copy-source=\"MessageBody\"><img loading=\"lazy\" decoding=\"async\" class=\"alignnone size-medium wp-image-3011\" src=\"https:\/\/elpueblonoticia.com.ar\/web\/wp-content\/uploads\/2025\/11\/paseo-de-los-ninos-2-300x220.jpeg\" alt=\"\" width=\"300\" height=\"220\" srcset=\"https:\/\/elpueblonoticia.com.ar\/web\/wp-content\/uploads\/2025\/11\/paseo-de-los-ninos-2-300x220.jpeg 300w, https:\/\/elpueblonoticia.com.ar\/web\/wp-content\/uploads\/2025\/11\/paseo-de-los-ninos-2-573x420.jpeg 573w, https:\/\/elpueblonoticia.com.ar\/web\/wp-content\/uploads\/2025\/11\/paseo-de-los-ninos-2-80x60.jpeg 80w, https:\/\/elpueblonoticia.com.ar\/web\/wp-content\/uploads\/2025\/11\/paseo-de-los-ninos-2-696x510.jpeg 696w, https:\/\/elpueblonoticia.com.ar\/web\/wp-content\/uploads\/2025\/11\/paseo-de-los-ninos-2.jpeg 720w\" sizes=\"auto, (max-width: 300px) 100vw, 300px\" \/><img loading=\"lazy\" decoding=\"async\" class=\"alignnone size-medium wp-image-3012\" src=\"https:\/\/elpueblonoticia.com.ar\/web\/wp-content\/uploads\/2025\/11\/paseo-de-los-ninos-4-300x168.jpeg\" alt=\"\" width=\"300\" height=\"168\" srcset=\"https:\/\/elpueblonoticia.com.ar\/web\/wp-content\/uploads\/2025\/11\/paseo-de-los-ninos-4-300x168.jpeg 300w, https:\/\/elpueblonoticia.com.ar\/web\/wp-content\/uploads\/2025\/11\/paseo-de-los-ninos-4-1024x574.jpeg 1024w, https:\/\/elpueblonoticia.com.ar\/web\/wp-content\/uploads\/2025\/11\/paseo-de-los-ninos-4-768x431.jpeg 768w, https:\/\/elpueblonoticia.com.ar\/web\/wp-content\/uploads\/2025\/11\/paseo-de-los-ninos-4-1536x861.jpeg 1536w, https:\/\/elpueblonoticia.com.ar\/web\/wp-content\/uploads\/2025\/11\/paseo-de-los-ninos-4-749x420.jpeg 749w, https:\/\/elpueblonoticia.com.ar\/web\/wp-content\/uploads\/2025\/11\/paseo-de-los-ninos-4-696x390.jpeg 696w, https:\/\/elpueblonoticia.com.ar\/web\/wp-content\/uploads\/2025\/11\/paseo-de-los-ninos-4-1068x599.jpeg 1068w, https:\/\/elpueblonoticia.com.ar\/web\/wp-content\/uploads\/2025\/11\/paseo-de-los-ninos-4.jpeg 1600w\" sizes=\"auto, (max-width: 300px) 100vw, 300px\" \/><img loading=\"lazy\" decoding=\"async\" class=\"alignnone size-medium wp-image-3013\" src=\"https:\/\/elpueblonoticia.com.ar\/web\/wp-content\/uploads\/2025\/11\/paseo-de-los-ninos-3-300x169.jpeg\" alt=\"\" width=\"300\" height=\"169\" srcset=\"https:\/\/elpueblonoticia.com.ar\/web\/wp-content\/uploads\/2025\/11\/paseo-de-los-ninos-3-300x169.jpeg 300w, https:\/\/elpueblonoticia.com.ar\/web\/wp-content\/uploads\/2025\/11\/paseo-de-los-ninos-3-1024x576.jpeg 1024w, https:\/\/elpueblonoticia.com.ar\/web\/wp-content\/uploads\/2025\/11\/paseo-de-los-ninos-3-768x432.jpeg 768w, https:\/\/elpueblonoticia.com.ar\/web\/wp-content\/uploads\/2025\/11\/paseo-de-los-ninos-3-1536x864.jpeg 1536w, https:\/\/elpueblonoticia.com.ar\/web\/wp-content\/uploads\/2025\/11\/paseo-de-los-ninos-3-747x420.jpeg 747w, https:\/\/elpueblonoticia.com.ar\/web\/wp-content\/uploads\/2025\/11\/paseo-de-los-ninos-3-696x391.jpeg 696w, https:\/\/elpueblonoticia.com.ar\/web\/wp-content\/uploads\/2025\/11\/paseo-de-los-ninos-3-1068x600.jpeg 1068w, https:\/\/elpueblonoticia.com.ar\/web\/wp-content\/uploads\/2025\/11\/paseo-de-los-ninos-3.jpeg 1599w\" sizes=\"auto, (max-width: 300px) 100vw, 300px\" \/><\/p>\n<p class=\"x_MsoNormal\" data-olk-copy-source=\"MessageBody\">El pasado s\u00e1bado, en el Paseo de los Ni\u00f1os, brill\u00f3 con fuerza la luz del mensaje cristiano. La actividad, organizada por la Congregaci\u00f3n Cristiana de Goya, estuvo destinada al p\u00fablico en general y convoc\u00f3 a numerosas familias que se acercaron a compartir un momento de alegr\u00eda, reflexi\u00f3n y fe.<\/p>\n<p class=\"x_MsoNormal\">Bajo el lema \u201cYo soy Luz\u201d, se presentaron expresiones art\u00edsticas como cantos, danzas y una emotiva obra de teatro, todas con un mismo prop\u00f3sito: transmitir el mensaje de Jes\u00fas como la luz que gu\u00eda y da sentido a la vida del ser humano.<\/p>\n<p class=\"x_MsoNormal\">Fue una jornada donde la comunidad pudo disfrutar, compartir valores y renovar la esperanza, recordando que cada acci\u00f3n inspirada en el amor y la fe puede iluminar el camino de los dem\u00e1s.<\/p>\n","protected":false},"excerpt":{"rendered":"<p>El pasado s\u00e1bado, en el Paseo de los Ni\u00f1os, brill\u00f3 con fuerza la luz del mensaje cristiano. La actividad, organizada por la Congregaci\u00f3n Cristiana de Goya, estuvo destinada al p\u00fablico en general y convoc\u00f3 a numerosas familias que se acercaron a compartir un momento de alegr\u00eda, reflexi\u00f3n y fe. Bajo el lema \u201cYo soy Luz\u201d, [&hellip;]<\/p>\n","protected":false},"author":2,"featured_media":3010,"comment_status":"open","ping_status":"open","sticky":false,"template":"","format":"standard","meta":{"footnotes":""},"categories":[56],"tags":[],"class_list":{"0":"post-3009","1":"post","2":"type-post","3":"status-publish","4":"format-standard","5":"has-post-thumbnail","7":"category-locales"},"_links":{"self":[{"href":"https:\/\/elpueblonoticia.com.ar\/web\/wp-json\/wp\/v2\/posts\/3009","targetHints":{"allow":["GET"]}}],"collection":[{"href":"https:\/\/elpueblonoticia.com.ar\/web\/wp-json\/wp\/v2\/posts"}],"about":[{"href":"https:\/\/elpueblonoticia.com.ar\/web\/wp-json\/wp\/v2\/types\/post"}],"author":[{"embeddable":true,"href":"https:\/\/elpueblonoticia.com.ar\/web\/wp-json\/wp\/v2\/users\/2"}],"replies":[{"embeddable":true,"href":"https:\/\/elpueblonoticia.com.ar\/web\/wp-json\/wp\/v2\/comments?post=3009"}],"version-history":[{"count":0,"href":"https:\/\/elpueblonoticia.com.ar\/web\/wp-json\/wp\/v2\/posts\/3009\/revisions"}],"wp:featuredmedia":[{"embeddable":true,"href":"https:\/\/elpueblonoticia.com.ar\/web\/wp-json\/wp\/v2\/media\/3010"}],"wp:attachment":[{"href":"https:\/\/elpueblonoticia.com.ar\/web\/wp-json\/wp\/v2\/media?parent=3009"}],"wp:term":[{"taxonomy":"category","embeddable":true,"href":"https:\/\/elpueblonoticia.com.ar\/web\/wp-json\/wp\/v2\/categories?post=3009"},{"taxonomy":"post_tag","embeddable":true,"href":"https:\/\/elpueblonoticia.com.ar\/web\/wp-json\/wp\/v2\/tags?post=3009"}],"curies":[{"name":"wp","href":"https:\/\/api.w.org\/{rel}","templated":true}]}}