{"id":3004,"date":"2025-11-04T08:11:23","date_gmt":"2025-11-04T11:11:23","guid":{"rendered":"https:\/\/elpueblonoticia.com.ar\/web\/?p=3004"},"modified":"2025-11-04T08:11:23","modified_gmt":"2025-11-04T11:11:23","slug":"alicia-rosa-arnica-de-nardelli-un-llamado-al-amor-y-a-la-esperanza","status":"publish","type":"post","link":"https:\/\/elpueblonoticia.com.ar\/web\/2025\/11\/04\/alicia-rosa-arnica-de-nardelli-un-llamado-al-amor-y-a-la-esperanza\/","title":{"rendered":"ALICIA ROSA \u00c1RNICA DE NARDELLI: \u201cUN LLAMADO AL AMOR Y A LA ESPERANZA\u201d"},"content":{"rendered":"<p class=\"x_MsoNormal\" data-olk-copy-source=\"MessageBody\">La prol\u00edfica escritora y comunicadora goyana Alicia Rosa \u00c1rnica de Nardelli presentar\u00e1 su nuevo libro titulado \u201cUn llamado al amor y a la esperanza\u201d, este mi\u00e9rcoles 5 de noviembre a las 19:30 horas en la Casa de la Cultura.<\/p>\n<p class=\"x_MsoNormal\">Adem\u00e1s de su fecunda labor literaria, \u00c1rnica de Nardelli se ha destacado por su capacidad de comunicar y conectar con el p\u00fablico, siendo reconocida en distintos medios radiales y galardonada en numerosas oportunidades por su trayectoria cultural y art\u00edstica.<\/p>\n<p class=\"x_MsoNormal\">En di\u00e1logo telef\u00f3nico con Radio Ciudad 88.3, la escritora expres\u00f3 su emoci\u00f3n por esta nueva obra y record\u00f3 sus or\u00edgenes: \u201cGracias por acordarse y hablar un poquito de lo que uno humildemente intenta hacer. Yo hace much\u00edsimo, desde mi juventud, me gust\u00f3 escribir. Fui maestra, soy nada m\u00e1s que maestra, orgullosa de haber sido maestra normal nacional\u201d, manifest\u00f3.<\/p>\n<p class=\"x_MsoNormal\">Alicia \u00c1rnica de Nardelli record\u00f3 sus a\u00f1os de formaci\u00f3n: \u201cMe recib\u00ed en 1960 con la Medalla de Oro Mariano I. Loza, como mejor promedio de los tres o cinco a\u00f1os que hab\u00eda\u201d, cont\u00f3.<\/p>\n<p class=\"x_MsoNormal\">Su amor por la docencia sigue vivo: \u201cSer maestra es lo m\u00e1s hermoso que hay. Yo encuentro a mis alumnos, por ejemplo, el del Centro Empleados de Comercio, el jefe, fue mi alumno y me tiene adoraci\u00f3n. Te digo que \u00e9l es uno de los que m\u00e1s participa en mi programa de radio, que el a\u00f1o que viene cumple 23 a\u00f1os: \u201cCoraz\u00f3n a coraz\u00f3n\u201d, en la 90.7 de Virasoro, los s\u00e1bados a las 17:10 horas\u201d, subray\u00f3 la reconocida escritora y comunicadora.<\/p>\n<p class=\"x_MsoNormal\">La autora repas\u00f3 parte de su extensa lista de distinciones: \u201cDel Premio Dorado tengo alrededor de 20, del Chaco, llamado \u201cEl Piray\u00fa Dorado\u201d. Despu\u00e9s tengo el \u201cSanta Clara de As\u00eds\u201d, premios de Corrientes, de Convivencia\u2026 Tengo como 50 premios en estatuillas y despu\u00e9s tengo en escritos. As\u00ed que me siento orgullosa y feliz, y soy la misma siempre, porque no me voy a agrandar por tener un premio o por lo que hago. Mi primer libro fue en 1996, \u2018Latidos\u2019.\u201d<\/p>\n<p class=\"x_MsoNormal\">Desde aquel primer \u201clatido\u201d, su producci\u00f3n literaria no se detuvo. Este nuevo libro representa el n\u00famero 13 en su trayectoria.<\/p>\n<p class=\"x_MsoNormal\">\u201c\u2018Un llamado al amor y a la esperanza\u2019 voy a presentar el mi\u00e9rcoles 5 de noviembre a las 19:30 horas en la Casa de la Cultura. Ese libro estuvo terminado el a\u00f1o pasado, figura como libro 2024\u201d, detall\u00f3.<\/p>\n<p class=\"x_MsoNormal\">A lo largo de su obra, la palabra esperanza aparece como un concepto recurrente. As\u00ed lo explic\u00f3 la autora: \u201cRevis\u00e9 mis libros y en todos, en alg\u00fan momento, est\u00e1 la palabra esperanza. No es que le copi\u00e9 al Papa Francisco cuando \u00e9l declar\u00f3 el primer domingo de enero de 2025 el Jubileo de la Esperanza, pero mi libro estaba terminado en 2024, y en otros libros tambi\u00e9n aparece la palabra esperanza.\u201d<\/p>\n<p class=\"x_MsoNormal\">Con la sabidur\u00eda que da la experiencia, \u00c1rnica de Nardelli reflexion\u00f3: \u201cCuando nos pasa algo, siempre vamos en busca de la esperanza para ver si podemos remediar y cambiar algo, cambiar el mundo. Me siento feliz de poder hacerlo, y ya estoy pensando que tengo que preparar otra obra.\u201d<\/p>\n<p class=\"x_MsoNormal\">A sus 83 a\u00f1os, mantiene intacta su pasi\u00f3n por escribir y comunicar.<\/p>\n<p class=\"x_MsoNormal\">\u201cNo s\u00e9 cu\u00e1ntas golosinas de vida me quedan, porque tengo 83 a\u00f1os\u201d, dijo con ternura, y agreg\u00f3: \u201cVos sabes lo bien que hace cuando haces lo que te gusta. No importan los a\u00f1os que tengamos, cada uno busca lo que le hace bien a su vida y a su alma, porque eso es lo que hace bien al alma.\u201d<\/p>\n<p class=\"x_MsoNormal\">La autora invit\u00f3 al p\u00fablico a acompa\u00f1arla en este nuevo encuentro literario: \u201cLes invito a todos a que vengan, compartan. Es hermoso compartir con todos algo que uno sue\u00f1a y que alcanza.\u201d<\/p>\n<p class=\"x_MsoNormal\">Antes de finalizar, la escritora tuvo palabras de gratitud hacia las autoridades locales: \u201cAgradezco mucho al intendente Mariano Hormaechea, que me destac\u00f3 en una de las Fiestas del Surub\u00ed y tambi\u00e9n como una de las mujeres hist\u00f3ricas en marzo de 2025. All\u00ed recib\u00ed tambi\u00e9n una estatuilla.\u201d<\/p>\n","protected":false},"excerpt":{"rendered":"<p>La prol\u00edfica escritora y comunicadora goyana Alicia Rosa \u00c1rnica de Nardelli presentar\u00e1 su nuevo libro titulado \u201cUn llamado al amor y a la esperanza\u201d, este mi\u00e9rcoles 5 de noviembre a las 19:30 horas en la Casa de la Cultura. Adem\u00e1s de su fecunda labor literaria, \u00c1rnica de Nardelli se ha destacado por su capacidad de [&hellip;]<\/p>\n","protected":false},"author":2,"featured_media":3005,"comment_status":"open","ping_status":"open","sticky":false,"template":"","format":"standard","meta":{"footnotes":""},"categories":[56],"tags":[],"class_list":{"0":"post-3004","1":"post","2":"type-post","3":"status-publish","4":"format-standard","5":"has-post-thumbnail","7":"category-locales"},"_links":{"self":[{"href":"https:\/\/elpueblonoticia.com.ar\/web\/wp-json\/wp\/v2\/posts\/3004","targetHints":{"allow":["GET"]}}],"collection":[{"href":"https:\/\/elpueblonoticia.com.ar\/web\/wp-json\/wp\/v2\/posts"}],"about":[{"href":"https:\/\/elpueblonoticia.com.ar\/web\/wp-json\/wp\/v2\/types\/post"}],"author":[{"embeddable":true,"href":"https:\/\/elpueblonoticia.com.ar\/web\/wp-json\/wp\/v2\/users\/2"}],"replies":[{"embeddable":true,"href":"https:\/\/elpueblonoticia.com.ar\/web\/wp-json\/wp\/v2\/comments?post=3004"}],"version-history":[{"count":0,"href":"https:\/\/elpueblonoticia.com.ar\/web\/wp-json\/wp\/v2\/posts\/3004\/revisions"}],"wp:featuredmedia":[{"embeddable":true,"href":"https:\/\/elpueblonoticia.com.ar\/web\/wp-json\/wp\/v2\/media\/3005"}],"wp:attachment":[{"href":"https:\/\/elpueblonoticia.com.ar\/web\/wp-json\/wp\/v2\/media?parent=3004"}],"wp:term":[{"taxonomy":"category","embeddable":true,"href":"https:\/\/elpueblonoticia.com.ar\/web\/wp-json\/wp\/v2\/categories?post=3004"},{"taxonomy":"post_tag","embeddable":true,"href":"https:\/\/elpueblonoticia.com.ar\/web\/wp-json\/wp\/v2\/tags?post=3004"}],"curies":[{"name":"wp","href":"https:\/\/api.w.org\/{rel}","templated":true}]}}