{"id":2995,"date":"2025-11-03T11:46:26","date_gmt":"2025-11-03T14:46:26","guid":{"rendered":"https:\/\/elpueblonoticia.com.ar\/web\/?p=2995"},"modified":"2025-11-03T11:46:26","modified_gmt":"2025-11-03T14:46:26","slug":"la-esperanza-cristiana-centro-de-la-conmemoracion-de-fieles-difuntos","status":"publish","type":"post","link":"https:\/\/elpueblonoticia.com.ar\/web\/2025\/11\/03\/la-esperanza-cristiana-centro-de-la-conmemoracion-de-fieles-difuntos\/","title":{"rendered":"La Esperanza Cristiana, centro de la conmemoraci\u00f3n de fieles difuntos"},"content":{"rendered":"<p><img decoding=\"async\" src=\"https:\/\/www.powernoticias.com\/images\/202511022111458311\" \/><\/p>\n<p><img decoding=\"async\" src=\"https:\/\/www.powernoticias.com\/images\/202511022112005878\" \/><\/p>\n<p>Monse\u00f1or Adolfo Canec\u00edn presidi\u00f3 la Eucarist\u00eda en el cementerio de Colonia Porvenir, y destac\u00f3 que, para los cristianos, la muerte \u00abes solo un paso, un tr\u00e1nsito\u00bb hacia la vida eterna. En la Solemnidad de los Fieles Difuntos, una numerosa concurrencia se congreg\u00f3 en el cementerio San Juan Bautista, a unos 13 kil\u00f3metros al sur de Goya, para participar de la Eucarist\u00eda con el prop\u00f3sito de orar y pedir por el descanso eterno de los seres queridos.<\/p>\n<p>En su homil\u00eda, enmarcada en el A\u00f1o Jubilar de la Esperanza, el obispo centr\u00f3 su mensaje en la esperanza que sostiene la fe cristiana: \u00abSomos un pueblo de esperanza y creemos en la vida eterna\u00bb, afirm\u00f3 monse\u00f1or Canec\u00edn, y explic\u00f3 que la celebraci\u00f3n cristiana se enfoca en la Resurrecci\u00f3n y la vida.<\/p>\n<p>\u00abLo definitivo no es la muerte, sino que es solo un paso, un tr\u00e1nsito. Sabemos que la muerte no es el final del camino y que nuestros seres queridos est\u00e1n en las manos de nuestro Padre Dios\u00bb, sostuvo el prelado.<\/p>\n<p>Monse\u00f1or Canec\u00edn record\u00f3 al cantautor correntino Juli\u00e1n Zini, citando su sabidur\u00eda popular: \u00abJuli\u00e1n Zini dec\u00eda en su Chamam\u00e9 \u2018la vida es una y se hace eternidad\u2019, por eso, \u2018voy a pasar nom\u00e1s\u2019, dec\u00eda con su modo chamamecero, correntino y con tanta sabidur\u00eda\u00bb.<\/p>\n<p>El obispo enfatiz\u00f3 que el designio de Dios Padre es la salvaci\u00f3n de todos los seres humanos, tal como lo expresa Jes\u00fas en San Juan 10,10: \u00abYo vine para que tengan vida y la tengan en abundancia\u00bb.<\/p>\n<p>Enfatiz\u00f3 que los cristianos son \u00abcreyentes, peregrinos del cielo, peregrinos de la eternidad y de lo definitivo\u00bb, entendiendo que en este mundo \u00abtodo es transitorio\u00bb.<\/p>\n<p>Si bien reconoci\u00f3 que el dolor por la partida de un ser querido es \u00abhumano y est\u00e1 bien que as\u00ed sea\u00bb, destac\u00f3 la perspectiva de la fe: \u00abNosotros cuando partimos nos vamos a encontrar con aquellos que se nos adelantaron en el camino hacia la Casa del Padre, esa es nuestra fe, nos duele y eso est\u00e1 bien, pero, no nos desespera ni desanima porque tenemos fe y esperanza en lo definitivo\u00bb.<\/p>\n<p>Finalmente, monse\u00f1or Adolfo Ram\u00f3n Canec\u00edn invit\u00f3 a hacer una \u00abmemoria agradecida de nuestros fieles queridos difuntos\u00bb, pidiendo a Dios que \u00abnos regale el consuelo, mucha paz y nos regale el aut\u00e9ntico sentido de la vida, porque, somos peregrinos de la eternidad\u00bb, con una fe profunda que cree en la resurrecci\u00f3n de los cuerpos. \u2013<\/p>\n<div class=\"wp-block-image\">\n<figure class=\"alignleft is-resized\"><img decoding=\"async\" class=\"td-animation-stack-type0-2\" src=\"https:\/\/www.powernoticias.com\/images\/202511022112005878\" alt=\"\" \/><\/figure>\n<\/div>\n<div class=\"wp-block-image\">\n<figure class=\"alignright is-resized\"><img decoding=\"async\" class=\"td-animation-stack-type0-2\" src=\"https:\/\/www.powernoticias.com\/images\/202511022111458311\" alt=\"\" \/><\/figure>\n<\/div>\n","protected":false},"excerpt":{"rendered":"<p>Monse\u00f1or Adolfo Canec\u00edn presidi\u00f3 la Eucarist\u00eda en el cementerio de Colonia Porvenir, y destac\u00f3 que, para los cristianos, la muerte \u00abes solo un paso, un tr\u00e1nsito\u00bb hacia la vida eterna. En la Solemnidad de los Fieles Difuntos, una numerosa concurrencia se congreg\u00f3 en el cementerio San Juan Bautista, a unos 13 kil\u00f3metros al sur de [&hellip;]<\/p>\n","protected":false},"author":2,"featured_media":2996,"comment_status":"open","ping_status":"open","sticky":false,"template":"","format":"standard","meta":{"footnotes":""},"categories":[78],"tags":[],"class_list":{"0":"post-2995","1":"post","2":"type-post","3":"status-publish","4":"format-standard","5":"has-post-thumbnail","7":"category-generales"},"_links":{"self":[{"href":"https:\/\/elpueblonoticia.com.ar\/web\/wp-json\/wp\/v2\/posts\/2995","targetHints":{"allow":["GET"]}}],"collection":[{"href":"https:\/\/elpueblonoticia.com.ar\/web\/wp-json\/wp\/v2\/posts"}],"about":[{"href":"https:\/\/elpueblonoticia.com.ar\/web\/wp-json\/wp\/v2\/types\/post"}],"author":[{"embeddable":true,"href":"https:\/\/elpueblonoticia.com.ar\/web\/wp-json\/wp\/v2\/users\/2"}],"replies":[{"embeddable":true,"href":"https:\/\/elpueblonoticia.com.ar\/web\/wp-json\/wp\/v2\/comments?post=2995"}],"version-history":[{"count":0,"href":"https:\/\/elpueblonoticia.com.ar\/web\/wp-json\/wp\/v2\/posts\/2995\/revisions"}],"wp:featuredmedia":[{"embeddable":true,"href":"https:\/\/elpueblonoticia.com.ar\/web\/wp-json\/wp\/v2\/media\/2996"}],"wp:attachment":[{"href":"https:\/\/elpueblonoticia.com.ar\/web\/wp-json\/wp\/v2\/media?parent=2995"}],"wp:term":[{"taxonomy":"category","embeddable":true,"href":"https:\/\/elpueblonoticia.com.ar\/web\/wp-json\/wp\/v2\/categories?post=2995"},{"taxonomy":"post_tag","embeddable":true,"href":"https:\/\/elpueblonoticia.com.ar\/web\/wp-json\/wp\/v2\/tags?post=2995"}],"curies":[{"name":"wp","href":"https:\/\/api.w.org\/{rel}","templated":true}]}}