{"id":2982,"date":"2025-11-03T11:04:01","date_gmt":"2025-11-03T14:04:01","guid":{"rendered":"https:\/\/elpueblonoticia.com.ar\/web\/?p=2982"},"modified":"2025-11-03T11:04:01","modified_gmt":"2025-11-03T14:04:01","slug":"ultimatum-de-donald-trump-los-dias-de-maduro-como-presidente-de-venezuela-estan-contados","status":"publish","type":"post","link":"https:\/\/elpueblonoticia.com.ar\/web\/2025\/11\/03\/ultimatum-de-donald-trump-los-dias-de-maduro-como-presidente-de-venezuela-estan-contados\/","title":{"rendered":"Ultim\u00e1tum de Donald Trump: \u201cLos d\u00edas de Maduro como presidente de Venezuela est\u00e1n contados\u201d"},"content":{"rendered":"<p>NA &#8211; El presidente de EEUU, Donald Trump, afirm\u00f3 que cree que los d\u00edas de Nicol\u00e1s Maduro \u201cest\u00e1n contados\u201d, pero neg\u00f3 una guerra inminente.<\/p>\n<p>El presidente de Estados Unidos, Donald Trump, afirm\u00f3 en una entrevista emitida este domingo que cree que los d\u00edas de Nicol\u00e1s Maduro como gobernante de Venezuela &#8220;est\u00e1n contados&#8221;, aunque minimiz\u00f3 los temores sobre una guerra inminente con el pa\u00eds sudamericano.<\/p>\n<p>En una entrevista con el programa &#8220;60 Minutes&#8221; de la cadena CBS, Trump fue consultado sobre si Estados Unidos entrar\u00eda en guerra con Venezuela. &#8220;Lo dudo. No lo creo&#8221;, declar\u00f3.<\/p>\n<p>Sin embargo, al ser preguntado sobre si los d\u00edas de Maduro como presidente estaban contados, Trump respondi\u00f3: &#8220;Dir\u00eda que s\u00ed. Creo que s\u00ed&#8221;.<\/p>\n<p>Las declaraciones del mandatario estadounidense se producen en un momento de alta tensi\u00f3n en el Caribe, donde Estados Unidos ha desplegado militares y nav\u00edos para operaciones antinarc\u00f3ticos. Estas operaciones han resultado en m\u00faltiples ataques contra presuntas embarcaciones de tr\u00e1fico de drogas, causando &#8220;decenas de muertes&#8221;, seg\u00fan el reporte de AFP.<\/p>\n<p>Maduro, quien est\u00e1 acusado de narcotr\u00e1fico en Estados Unidos, ha asegurado que Washington utiliza el tr\u00e1fico de drogas como un pretexto para &#8220;imponer un cambio de r\u00e9gimen&#8221; en Caracas y apoderarse del petr\u00f3leo venezolano.<\/p>\n<p>Seg\u00fan la agencia de noticias, m\u00e1s de 15 ataques estadounidenses contra embarcaciones en el Caribe y el Pac\u00edfico han causado la muerte de al menos 65 personas en las \u00faltimas semanas, siendo el m\u00e1s reciente este s\u00e1bado. Expertos han afirmado que estos ataques podr\u00edan constituir &#8220;ejecuciones extrajudiciales&#8221;.<\/p>\n<p>Washington a\u00fan no ha hecho p\u00fablica ninguna evidencia de que sus objetivos estuvieran traficando narc\u00f3ticos o que representaran una amenaza para Estados Unidos.<\/p>\n","protected":false},"excerpt":{"rendered":"<p>NA &#8211; El presidente de EEUU, Donald Trump, afirm\u00f3 que cree que los d\u00edas de Nicol\u00e1s Maduro \u201cest\u00e1n contados\u201d, pero neg\u00f3 una guerra inminente. El presidente de Estados Unidos, Donald Trump, afirm\u00f3 en una entrevista emitida este domingo que cree que los d\u00edas de Nicol\u00e1s Maduro como gobernante de Venezuela &#8220;est\u00e1n contados&#8221;, aunque minimiz\u00f3 los [&hellip;]<\/p>\n","protected":false},"author":2,"featured_media":2983,"comment_status":"open","ping_status":"open","sticky":false,"template":"","format":"standard","meta":{"footnotes":""},"categories":[81],"tags":[],"class_list":{"0":"post-2982","1":"post","2":"type-post","3":"status-publish","4":"format-standard","5":"has-post-thumbnail","7":"category-internacionales"},"_links":{"self":[{"href":"https:\/\/elpueblonoticia.com.ar\/web\/wp-json\/wp\/v2\/posts\/2982","targetHints":{"allow":["GET"]}}],"collection":[{"href":"https:\/\/elpueblonoticia.com.ar\/web\/wp-json\/wp\/v2\/posts"}],"about":[{"href":"https:\/\/elpueblonoticia.com.ar\/web\/wp-json\/wp\/v2\/types\/post"}],"author":[{"embeddable":true,"href":"https:\/\/elpueblonoticia.com.ar\/web\/wp-json\/wp\/v2\/users\/2"}],"replies":[{"embeddable":true,"href":"https:\/\/elpueblonoticia.com.ar\/web\/wp-json\/wp\/v2\/comments?post=2982"}],"version-history":[{"count":0,"href":"https:\/\/elpueblonoticia.com.ar\/web\/wp-json\/wp\/v2\/posts\/2982\/revisions"}],"wp:featuredmedia":[{"embeddable":true,"href":"https:\/\/elpueblonoticia.com.ar\/web\/wp-json\/wp\/v2\/media\/2983"}],"wp:attachment":[{"href":"https:\/\/elpueblonoticia.com.ar\/web\/wp-json\/wp\/v2\/media?parent=2982"}],"wp:term":[{"taxonomy":"category","embeddable":true,"href":"https:\/\/elpueblonoticia.com.ar\/web\/wp-json\/wp\/v2\/categories?post=2982"},{"taxonomy":"post_tag","embeddable":true,"href":"https:\/\/elpueblonoticia.com.ar\/web\/wp-json\/wp\/v2\/tags?post=2982"}],"curies":[{"name":"wp","href":"https:\/\/api.w.org\/{rel}","templated":true}]}}