{"id":2977,"date":"2025-11-03T10:45:59","date_gmt":"2025-11-03T13:45:59","guid":{"rendered":"https:\/\/elpueblonoticia.com.ar\/web\/?p=2977"},"modified":"2025-11-03T10:52:16","modified_gmt":"2025-11-03T13:52:16","slug":"nuevo-ministro-del-interior-hay-mucho-por-hacer-espero-buenos-resultados-valdes-sobre-la-designacion-de-santilli","status":"publish","type":"post","link":"https:\/\/elpueblonoticia.com.ar\/web\/2025\/11\/03\/nuevo-ministro-del-interior-hay-mucho-por-hacer-espero-buenos-resultados-valdes-sobre-la-designacion-de-santilli\/","title":{"rendered":"Nuevo ministro del interior &#8211; &#8220;Hay mucho por hacer, espero buenos resultados&#8221;: Vald\u00e9s sobre la designaci\u00f3n de Santilli"},"content":{"rendered":"<p><img decoding=\"async\" src=\"https:\/\/www.powernoticias.com\/images\/202511031009251589\" \/><\/p>\n<p>Tras conocerse ayer por la tarde la designaci\u00f3n, por parte del presidente de la Naci\u00f3n, Javier MiIlei, de Diego Santilli como nuevo Ministro del Interior, el gobernador de Corrientes, Gustavo Vald\u00e9s expres\u00f3 su benepl\u00e1cito por ello y que, a partir de este cambio, &#8220;podamos profundizar&#8221; el di\u00e1logo entre Naci\u00f3n y provincias &#8220;para alcanzar buenos resultados&#8221;.<\/p>\n<p>&#8220;Desde Corrientes, mis felicitaciones a Diego Santilli por su designaci\u00f3n como Ministro del Interior&#8221;, expres\u00f3 en sus redes sociales el mandatario provincial. Y agreg\u00f3: &#8220;Espero que, desde ese lugar, podamos profundizar tanto el trabajo como el di\u00e1logo entre Naci\u00f3n y provincias para alcanzar buenos resultados. Hay mucho por hacer.&#8221;<\/p>\n","protected":false},"excerpt":{"rendered":"<p>Tras conocerse ayer por la tarde la designaci\u00f3n, por parte del presidente de la Naci\u00f3n, Javier MiIlei, de Diego Santilli como nuevo Ministro del Interior, el gobernador de Corrientes, Gustavo Vald\u00e9s expres\u00f3 su benepl\u00e1cito por ello y que, a partir de este cambio, &#8220;podamos profundizar&#8221; el di\u00e1logo entre Naci\u00f3n y provincias &#8220;para alcanzar buenos resultados&#8221;. [&hellip;]<\/p>\n","protected":false},"author":2,"featured_media":2980,"comment_status":"open","ping_status":"open","sticky":false,"template":"","format":"standard","meta":{"footnotes":""},"categories":[66],"tags":[],"class_list":{"0":"post-2977","1":"post","2":"type-post","3":"status-publish","4":"format-standard","5":"has-post-thumbnail","7":"category-politica-nacionales"},"_links":{"self":[{"href":"https:\/\/elpueblonoticia.com.ar\/web\/wp-json\/wp\/v2\/posts\/2977","targetHints":{"allow":["GET"]}}],"collection":[{"href":"https:\/\/elpueblonoticia.com.ar\/web\/wp-json\/wp\/v2\/posts"}],"about":[{"href":"https:\/\/elpueblonoticia.com.ar\/web\/wp-json\/wp\/v2\/types\/post"}],"author":[{"embeddable":true,"href":"https:\/\/elpueblonoticia.com.ar\/web\/wp-json\/wp\/v2\/users\/2"}],"replies":[{"embeddable":true,"href":"https:\/\/elpueblonoticia.com.ar\/web\/wp-json\/wp\/v2\/comments?post=2977"}],"version-history":[{"count":0,"href":"https:\/\/elpueblonoticia.com.ar\/web\/wp-json\/wp\/v2\/posts\/2977\/revisions"}],"wp:featuredmedia":[{"embeddable":true,"href":"https:\/\/elpueblonoticia.com.ar\/web\/wp-json\/wp\/v2\/media\/2980"}],"wp:attachment":[{"href":"https:\/\/elpueblonoticia.com.ar\/web\/wp-json\/wp\/v2\/media?parent=2977"}],"wp:term":[{"taxonomy":"category","embeddable":true,"href":"https:\/\/elpueblonoticia.com.ar\/web\/wp-json\/wp\/v2\/categories?post=2977"},{"taxonomy":"post_tag","embeddable":true,"href":"https:\/\/elpueblonoticia.com.ar\/web\/wp-json\/wp\/v2\/tags?post=2977"}],"curies":[{"name":"wp","href":"https:\/\/api.w.org\/{rel}","templated":true}]}}