{"id":2969,"date":"2025-11-03T09:12:05","date_gmt":"2025-11-03T12:12:05","guid":{"rendered":"https:\/\/elpueblonoticia.com.ar\/web\/?p=2969"},"modified":"2025-11-03T09:12:05","modified_gmt":"2025-11-03T12:12:05","slug":"goya-atrapado-cuando-huia-luego-de-chocar-contra-otro-vehiculo","status":"publish","type":"post","link":"https:\/\/elpueblonoticia.com.ar\/web\/2025\/11\/03\/goya-atrapado-cuando-huia-luego-de-chocar-contra-otro-vehiculo\/","title":{"rendered":"Goya: atrapado cuando hu\u00eda luego de chocar contra otro veh\u00edculo"},"content":{"rendered":"<div id=\"modalIntrotext\">\n<div><img decoding=\"async\" id=\"media-1\" class=\"\" src=\"https:\/\/www.diarioepoca.com\/content\/bucket\/6\/1457346w380h225c.jpg.webp\" alt=\"\" width=\"auto\" height=\"225\" \/><\/div>\n<div>En la ciudad de Goya, un hombre fue arrestado por la Polic\u00eda luego de huir de siniestro vial que \u00e9l mismo hab\u00eda provocado, destruyendo su veh\u00edculo y otro autom\u00f3vil al que hab\u00eda embestido en total estado de ebriedad.<\/div>\n<\/div>\n<div id=\"modalFulltext\"><\/div>\n<div>\n<div>Ocurri\u00f3 el domingo a la madrugada en la intersecci\u00f3n de las calles Salta y Pago Largo de la ciudad de Goya, donde la Polic\u00eda se encontr\u00f3 con un Autom\u00f3vil Fiat Punto y otro Fiat Uno destruido por un choque. El conductor del primero huy\u00f3 de la escena y seg\u00fan los testigos, estaba alcoholizado y se escap\u00f3 para no ser arrestado. Dentro de su auto, circulaban otros j\u00f3venes, entre ellos un menor de edad.<\/div>\n<div><\/div>\n<div>De inmediato, efectivos de la Comisar\u00eda Segunda irradiaron el alerta general y otras jurisdicciones se sumaron al operativo para lograr demorarlo. Finalmente, un rato m\u00e1s tarde fue localizado y detenido en inmediaciones de calles 9 de Julio e Hip\u00f3lito Irigoyen en el barrio Villa Vital. Se trata de un sujeto de apellido Romero, de 31 a\u00f1os, quien al ser sometido al testeo de alcoholemia, arroj\u00f3 resultado positivo con 1.31 g\/l de alcohol en sangre. El conductor del otro veh\u00edculo sufri\u00f3 lesiones, pero no de gravedad.<\/div>\n<div><\/div>\n<div>Diario \u00e9poca<\/div>\n<\/div>\n","protected":false},"excerpt":{"rendered":"<p>En la ciudad de Goya, un hombre fue arrestado por la Polic\u00eda luego de huir de siniestro vial que \u00e9l mismo hab\u00eda provocado, destruyendo su veh\u00edculo y otro autom\u00f3vil al que hab\u00eda embestido en total estado de ebriedad. Ocurri\u00f3 el domingo a la madrugada en la intersecci\u00f3n de las calles Salta y Pago Largo de [&hellip;]<\/p>\n","protected":false},"author":2,"featured_media":2970,"comment_status":"open","ping_status":"open","sticky":false,"template":"","format":"standard","meta":{"footnotes":""},"categories":[68],"tags":[],"class_list":{"0":"post-2969","1":"post","2":"type-post","3":"status-publish","4":"format-standard","5":"has-post-thumbnail","7":"category-policiales-nacionales"},"_links":{"self":[{"href":"https:\/\/elpueblonoticia.com.ar\/web\/wp-json\/wp\/v2\/posts\/2969","targetHints":{"allow":["GET"]}}],"collection":[{"href":"https:\/\/elpueblonoticia.com.ar\/web\/wp-json\/wp\/v2\/posts"}],"about":[{"href":"https:\/\/elpueblonoticia.com.ar\/web\/wp-json\/wp\/v2\/types\/post"}],"author":[{"embeddable":true,"href":"https:\/\/elpueblonoticia.com.ar\/web\/wp-json\/wp\/v2\/users\/2"}],"replies":[{"embeddable":true,"href":"https:\/\/elpueblonoticia.com.ar\/web\/wp-json\/wp\/v2\/comments?post=2969"}],"version-history":[{"count":0,"href":"https:\/\/elpueblonoticia.com.ar\/web\/wp-json\/wp\/v2\/posts\/2969\/revisions"}],"wp:featuredmedia":[{"embeddable":true,"href":"https:\/\/elpueblonoticia.com.ar\/web\/wp-json\/wp\/v2\/media\/2970"}],"wp:attachment":[{"href":"https:\/\/elpueblonoticia.com.ar\/web\/wp-json\/wp\/v2\/media?parent=2969"}],"wp:term":[{"taxonomy":"category","embeddable":true,"href":"https:\/\/elpueblonoticia.com.ar\/web\/wp-json\/wp\/v2\/categories?post=2969"},{"taxonomy":"post_tag","embeddable":true,"href":"https:\/\/elpueblonoticia.com.ar\/web\/wp-json\/wp\/v2\/tags?post=2969"}],"curies":[{"name":"wp","href":"https:\/\/api.w.org\/{rel}","templated":true}]}}