{"id":2965,"date":"2025-11-03T08:58:09","date_gmt":"2025-11-03T11:58:09","guid":{"rendered":"https:\/\/elpueblonoticia.com.ar\/web\/?p=2965"},"modified":"2025-11-03T08:58:09","modified_gmt":"2025-11-03T11:58:09","slug":"grupo-scout-goya-siempre-listo","status":"publish","type":"post","link":"https:\/\/elpueblonoticia.com.ar\/web\/2025\/11\/03\/grupo-scout-goya-siempre-listo\/","title":{"rendered":"GRUPO SCOUT GOYA: \u201cSIEMPRE LISTO\u201d"},"content":{"rendered":"<p><strong>El grupo Scout Goya celebr\u00f3 58 a\u00f1os de servicio, de educar con valores para la vida y el amor a la naturaleza. En la tarde del s\u00e1bado, la sede del grupo Scout de Goya fue el escenario para celebrar el 58\u00ba aniversario de la agrupaci\u00f3n, que pregona la preparaci\u00f3n para las buenas acciones, los valores de la vida, el amor y la preservaci\u00f3n de la naturaleza.<\/strong><\/p>\n<p>&nbsp;<\/p>\n<p>En su sede se han compartido momentos de juegos entre todas las ramas, destacando la presencia del \u201cAlma del Grupo\u201d Jorge Oreste Colonese, se ha merendado con una rica torta hecha por las madres del grupo scout, un refrigerio.<\/p>\n<p>El l\u00edder fundador de la agrupaci\u00f3n Jorge Colonese, dirigi\u00f3 unas palabras, alentando a seguir con \u201cla tarea iniciada hace 58 a\u00f1os\u201d con el compromiso de esta \u201csiempre Listo Para Servir\u201d un momento de gran emoci\u00f3n.<\/p>\n<p>Para cerrar la celebraci\u00f3n de los 58 a\u00f1os del Grupo, se prepara la cena show el pr\u00f3ximo s\u00e1bado 8 de noviembre en la sede de la instituci\u00f3n, con el prop\u00f3sito de compartir con toda la gran familia scouts.<\/p>\n<p>\u00a1Siempre listo!<\/p>\n","protected":false},"excerpt":{"rendered":"<p>El grupo Scout Goya celebr\u00f3 58 a\u00f1os de servicio, de educar con valores para la vida y el amor a la naturaleza. En la tarde del s\u00e1bado, la sede del grupo Scout de Goya fue el escenario para celebrar el 58\u00ba aniversario de la agrupaci\u00f3n, que pregona la preparaci\u00f3n para las buenas acciones, los valores [&hellip;]<\/p>\n","protected":false},"author":2,"featured_media":2966,"comment_status":"open","ping_status":"open","sticky":false,"template":"","format":"standard","meta":{"footnotes":""},"categories":[78],"tags":[],"class_list":{"0":"post-2965","1":"post","2":"type-post","3":"status-publish","4":"format-standard","5":"has-post-thumbnail","7":"category-generales"},"_links":{"self":[{"href":"https:\/\/elpueblonoticia.com.ar\/web\/wp-json\/wp\/v2\/posts\/2965","targetHints":{"allow":["GET"]}}],"collection":[{"href":"https:\/\/elpueblonoticia.com.ar\/web\/wp-json\/wp\/v2\/posts"}],"about":[{"href":"https:\/\/elpueblonoticia.com.ar\/web\/wp-json\/wp\/v2\/types\/post"}],"author":[{"embeddable":true,"href":"https:\/\/elpueblonoticia.com.ar\/web\/wp-json\/wp\/v2\/users\/2"}],"replies":[{"embeddable":true,"href":"https:\/\/elpueblonoticia.com.ar\/web\/wp-json\/wp\/v2\/comments?post=2965"}],"version-history":[{"count":0,"href":"https:\/\/elpueblonoticia.com.ar\/web\/wp-json\/wp\/v2\/posts\/2965\/revisions"}],"wp:featuredmedia":[{"embeddable":true,"href":"https:\/\/elpueblonoticia.com.ar\/web\/wp-json\/wp\/v2\/media\/2966"}],"wp:attachment":[{"href":"https:\/\/elpueblonoticia.com.ar\/web\/wp-json\/wp\/v2\/media?parent=2965"}],"wp:term":[{"taxonomy":"category","embeddable":true,"href":"https:\/\/elpueblonoticia.com.ar\/web\/wp-json\/wp\/v2\/categories?post=2965"},{"taxonomy":"post_tag","embeddable":true,"href":"https:\/\/elpueblonoticia.com.ar\/web\/wp-json\/wp\/v2\/tags?post=2965"}],"curies":[{"name":"wp","href":"https:\/\/api.w.org\/{rel}","templated":true}]}}