{"id":2953,"date":"2025-11-03T08:01:50","date_gmt":"2025-11-03T11:01:50","guid":{"rendered":"https:\/\/elpueblonoticia.com.ar\/web\/?p=2953"},"modified":"2025-11-03T08:01:50","modified_gmt":"2025-11-03T11:01:50","slug":"la-neike-aniversario","status":"publish","type":"post","link":"https:\/\/elpueblonoticia.com.ar\/web\/2025\/11\/03\/la-neike-aniversario\/","title":{"rendered":"LA NEIKE ANIVERSARIO"},"content":{"rendered":"<p data-olk-copy-source=\"MessageBody\"><img loading=\"lazy\" decoding=\"async\" class=\"alignnone size-medium wp-image-2955\" src=\"https:\/\/elpueblonoticia.com.ar\/web\/wp-content\/uploads\/2025\/11\/la-NEIKE-10-CARRERA-FINAL-2-300x200.jpg\" alt=\"\" width=\"300\" height=\"200\" srcset=\"https:\/\/elpueblonoticia.com.ar\/web\/wp-content\/uploads\/2025\/11\/la-NEIKE-10-CARRERA-FINAL-2-300x200.jpg 300w, https:\/\/elpueblonoticia.com.ar\/web\/wp-content\/uploads\/2025\/11\/la-NEIKE-10-CARRERA-FINAL-2-1024x683.jpg 1024w, https:\/\/elpueblonoticia.com.ar\/web\/wp-content\/uploads\/2025\/11\/la-NEIKE-10-CARRERA-FINAL-2-768x512.jpg 768w, https:\/\/elpueblonoticia.com.ar\/web\/wp-content\/uploads\/2025\/11\/la-NEIKE-10-CARRERA-FINAL-2-630x420.jpg 630w, https:\/\/elpueblonoticia.com.ar\/web\/wp-content\/uploads\/2025\/11\/la-NEIKE-10-CARRERA-FINAL-2-696x464.jpg 696w, https:\/\/elpueblonoticia.com.ar\/web\/wp-content\/uploads\/2025\/11\/la-NEIKE-10-CARRERA-FINAL-2-1068x712.jpg 1068w, https:\/\/elpueblonoticia.com.ar\/web\/wp-content\/uploads\/2025\/11\/la-NEIKE-10-CARRERA-FINAL-2.jpg 1080w\" sizes=\"auto, (max-width: 300px) 100vw, 300px\" \/><img loading=\"lazy\" decoding=\"async\" class=\"alignnone size-medium wp-image-2956\" src=\"https:\/\/elpueblonoticia.com.ar\/web\/wp-content\/uploads\/2025\/11\/la-NEIKE-10-CARRERA-FINAL-3-300x200.jpg\" alt=\"\" width=\"300\" height=\"200\" srcset=\"https:\/\/elpueblonoticia.com.ar\/web\/wp-content\/uploads\/2025\/11\/la-NEIKE-10-CARRERA-FINAL-3-300x200.jpg 300w, https:\/\/elpueblonoticia.com.ar\/web\/wp-content\/uploads\/2025\/11\/la-NEIKE-10-CARRERA-FINAL-3-1024x683.jpg 1024w, https:\/\/elpueblonoticia.com.ar\/web\/wp-content\/uploads\/2025\/11\/la-NEIKE-10-CARRERA-FINAL-3-768x512.jpg 768w, https:\/\/elpueblonoticia.com.ar\/web\/wp-content\/uploads\/2025\/11\/la-NEIKE-10-CARRERA-FINAL-3-630x420.jpg 630w, https:\/\/elpueblonoticia.com.ar\/web\/wp-content\/uploads\/2025\/11\/la-NEIKE-10-CARRERA-FINAL-3-696x464.jpg 696w, https:\/\/elpueblonoticia.com.ar\/web\/wp-content\/uploads\/2025\/11\/la-NEIKE-10-CARRERA-FINAL-3-1068x712.jpg 1068w, https:\/\/elpueblonoticia.com.ar\/web\/wp-content\/uploads\/2025\/11\/la-NEIKE-10-CARRERA-FINAL-3.jpg 1080w\" sizes=\"auto, (max-width: 300px) 100vw, 300px\" \/><img loading=\"lazy\" decoding=\"async\" class=\"alignnone size-medium wp-image-2957\" src=\"https:\/\/elpueblonoticia.com.ar\/web\/wp-content\/uploads\/2025\/11\/la-NEIKE-10-CARRERA-FINAL-4-300x200.jpg\" alt=\"\" width=\"300\" height=\"200\" srcset=\"https:\/\/elpueblonoticia.com.ar\/web\/wp-content\/uploads\/2025\/11\/la-NEIKE-10-CARRERA-FINAL-4-300x200.jpg 300w, https:\/\/elpueblonoticia.com.ar\/web\/wp-content\/uploads\/2025\/11\/la-NEIKE-10-CARRERA-FINAL-4-1024x683.jpg 1024w, https:\/\/elpueblonoticia.com.ar\/web\/wp-content\/uploads\/2025\/11\/la-NEIKE-10-CARRERA-FINAL-4-768x512.jpg 768w, https:\/\/elpueblonoticia.com.ar\/web\/wp-content\/uploads\/2025\/11\/la-NEIKE-10-CARRERA-FINAL-4-630x420.jpg 630w, https:\/\/elpueblonoticia.com.ar\/web\/wp-content\/uploads\/2025\/11\/la-NEIKE-10-CARRERA-FINAL-4-696x464.jpg 696w, https:\/\/elpueblonoticia.com.ar\/web\/wp-content\/uploads\/2025\/11\/la-NEIKE-10-CARRERA-FINAL-4-1068x712.jpg 1068w, https:\/\/elpueblonoticia.com.ar\/web\/wp-content\/uploads\/2025\/11\/la-NEIKE-10-CARRERA-FINAL-4.jpg 1080w\" sizes=\"auto, (max-width: 300px) 100vw, 300px\" \/><img loading=\"lazy\" decoding=\"async\" class=\"alignnone size-medium wp-image-2958\" src=\"https:\/\/elpueblonoticia.com.ar\/web\/wp-content\/uploads\/2025\/11\/la-NEIKE-10-CARRERA-FINAL-5-300x200.jpg\" alt=\"\" width=\"300\" height=\"200\" srcset=\"https:\/\/elpueblonoticia.com.ar\/web\/wp-content\/uploads\/2025\/11\/la-NEIKE-10-CARRERA-FINAL-5-300x200.jpg 300w, https:\/\/elpueblonoticia.com.ar\/web\/wp-content\/uploads\/2025\/11\/la-NEIKE-10-CARRERA-FINAL-5-1024x683.jpg 1024w, https:\/\/elpueblonoticia.com.ar\/web\/wp-content\/uploads\/2025\/11\/la-NEIKE-10-CARRERA-FINAL-5-768x512.jpg 768w, https:\/\/elpueblonoticia.com.ar\/web\/wp-content\/uploads\/2025\/11\/la-NEIKE-10-CARRERA-FINAL-5-630x420.jpg 630w, https:\/\/elpueblonoticia.com.ar\/web\/wp-content\/uploads\/2025\/11\/la-NEIKE-10-CARRERA-FINAL-5-696x464.jpg 696w, https:\/\/elpueblonoticia.com.ar\/web\/wp-content\/uploads\/2025\/11\/la-NEIKE-10-CARRERA-FINAL-5-1068x712.jpg 1068w, https:\/\/elpueblonoticia.com.ar\/web\/wp-content\/uploads\/2025\/11\/la-NEIKE-10-CARRERA-FINAL-5.jpg 1080w\" sizes=\"auto, (max-width: 300px) 100vw, 300px\" \/><\/p>\n<p class=\"x_MsoNormal\" data-olk-copy-source=\"MessageBody\">La Trail Run Aniversario \u201cLa Neike\u201d concluy\u00f3 con triunfos en la general para corredores entrerrianos<\/p>\n<p class=\"x_MsoNormal\">Un clima agradable fue el aliado de la carrera de aventura que marc\u00f3 el final de la temporada correntina, del circuito correntino de Running.<\/p>\n<p class=\"x_MsoNormal\" aria-hidden=\"true\">\n<p class=\"x_MsoNormal\">Para muchos de los competidores del circuito provincial ha sido significativa esta \u201caventura\u201d, porque era el salto para la posici\u00f3n final del ranking del circuito, para los apasionados a este tipo de competencia la cita ideal para poner a prueba la capacidad y habilidad en la traves\u00eda por el trazado establecido para la<\/p>\n<p class=\"x_MsoNormal\">Edici\u00f3n Aniversario de \u201cLa Neike\u201d, en el cual todos coincidieron en afirmar que presentaba todas las condiciones para el gran desaf\u00edo de aventura.<\/p>\n<p class=\"x_MsoNormal\" aria-hidden=\"true\">\n<p class=\"x_MsoNormal\">En la general de los 21k caballeros fue para Lucio Galv\u00e1n de La Paz Entre R\u00edos, de la misma localidad entrerriana la de damas fue para Camila Rumi<\/p>\n<p class=\"x_MsoNormal\">Con el segundo lugar en la general el goyano Sergio P\u00e9rez convalid\u00f3\u00a0 el primer lugar del Circuito Correntino de Running<\/p>\n<p class=\"x_MsoNormal\">Otras de las figuras destacadas del atletismo fue la participaci\u00f3n de Brenda Insaurralde quien gan\u00f3 los 7k, en su categor\u00eda.<\/p>\n<p class=\"x_MsoNormal\" aria-hidden=\"true\">\n<p class=\"x_MsoNormal\">CLASIFICACI\u00d3N GENERAL 21K DAMAS<\/p>\n<p class=\"x_MsoNormal\">1\u00ba Camila Rumi de La Paz, Entre R\u00edos<\/p>\n<p class=\"x_MsoNormal\">2\u00ba Emilse Curima Guti\u00e9rrez de Mercedes Corrientes<\/p>\n<p class=\"x_MsoNormal\">3\u00ba Alejandra Villan de La Paz, Entre R\u00edos.<\/p>\n<p class=\"x_MsoNormal\" aria-hidden=\"true\">\n<p class=\"x_MsoNormal\">CABALLEROS:<\/p>\n<p class=\"x_MsoNormal\">1\u00ba Lucio Galv\u00e1n de La Paz, Entre R\u00edos<\/p>\n<p class=\"x_MsoNormal\">2\u00ba Sergio P\u00e9rez de Goya Corrientes<\/p>\n<p class=\"x_MsoNormal\">3\u00ba Fabricio Gonz\u00e1lez de La Paz, Entre R\u00edos<\/p>\n<p class=\"x_MsoNormal\" aria-hidden=\"true\">\n<p class=\"x_MsoNormal\">CLASIFICACI\u00d3N GENERAL 12 K DAMAS:<\/p>\n<p class=\"x_MsoNormal\">1\u00ba Agustina Adriana Balbuena de La Paz, Entre R\u00edos<\/p>\n<p class=\"x_MsoNormal\">2\u00ba Cinthia Soto de Resistencia, Chaco<\/p>\n<p class=\"x_MsoNormal\">3\u00ba Nadia Mendoza de San Javier, Santa Fe<\/p>\n<p class=\"x_MsoNormal\" aria-hidden=\"true\">\n<p class=\"x_MsoNormal\">CABALLEROS<\/p>\n<p class=\"x_MsoNormal\">1\u00ba Franco Fiad de Lavalle, Corrientes<\/p>\n<p class=\"x_MsoNormal\">2\u00ba Omar Delgado de Bella Vista, Corrientes<\/p>\n<p class=\"x_MsoNormal\">3\u00ba Axel Espindola de Formosa<\/p>\n<p class=\"x_MsoNormal\" aria-hidden=\"true\">\n<p class=\"x_MsoNormal\">CLASIFICACI\u00d3N 7K GENERAL DAMAS + DE 20 A\u00d1OS<\/p>\n<p class=\"x_MsoNormal\">1\u00ba Juliana Romero de Corrientes<\/p>\n<p class=\"x_MsoNormal\">2\u00ba Zaira Barrionuevo de Goya<\/p>\n<p class=\"x_MsoNormal\">3\u00ba Imelda Anal\u00eda R\u00f3tela de Paso de los Libres, Corrientes.<\/p>\n<p class=\"x_MsoNormal\" aria-hidden=\"true\">\n<p class=\"x_MsoNormal\">CABALLEROS + DE 20 A\u00d1OS<\/p>\n<p class=\"x_MsoNormal\">1\u00ba Jos\u00e9 Lacuadra de Esquina, Corrientes<\/p>\n<p class=\"x_MsoNormal\">2\u00ba Oscar Mazuchini de Goya, Corrientes<\/p>\n<p class=\"x_MsoNormal\">3\u00ba Clemente Segovia de Goya, Corrientes<\/p>\n<p class=\"x_MsoNormal\" aria-hidden=\"true\">\n<p class=\"x_MsoNormal\">DAMAS DE 14 A 19 A\u00d1OS:<\/p>\n<p class=\"x_MsoNormal\">1\u00ba Brenda Fabiana Insaurralde de Goya, Corrientes<\/p>\n<p class=\"x_MsoNormal\">2\u00ba Judith Romero de Goya, Corrientes<\/p>\n<p class=\"x_MsoNormal\">3\u00ba Priscila Romero de Goya, Corrientes<\/p>\n<p class=\"x_MsoNormal\" aria-hidden=\"true\">\n<p class=\"x_MsoNormal\">CABALLEROS DE 14 A 19 A\u00d1OS:<\/p>\n<p class=\"x_MsoNormal\">1\u00ba Miguel Jes\u00fas Pawlak de Concepci\u00f3n, Corrientes<\/p>\n<p class=\"x_MsoNormal\">2\u00ba Leonel Sosa de Goya, Corrientes<\/p>\n<p class=\"x_MsoNormal\">3\u00ba Alex Joaqu\u00edn Fern\u00e1ndez de Goya, Corrientes<\/p>\n<p class=\"x_MsoNormal\" aria-hidden=\"true\">\n<p class=\"x_MsoNormal\">En un verdadero clima de alegr\u00eda, fiesta y amistad se desarroll\u00f3 la parte final de la competencia, la entrega de los premios, reconocimientos con el tradicional \u201cTercer Tiempo\u201d que contribuye a reafirmar la importancia de estos v\u00ednculos que se afianzan en cada aventura, el desaf\u00edo para los pr\u00f3ximos encuentros, el agradecimiento a la Municipalidad, el Gobierno de la Provincia por su aporte para esta realizaci\u00f3n, a cada deportistas por elegir a Goya para escribir la historia de este Trail Run que cerr\u00f3 la temporada correntina.<\/p>\n<p class=\"x_MsoNormal\" aria-hidden=\"true\">\n<p class=\"x_MsoNormal\">Un agradecimiento especial al equipo goyano de Modo Runner Team, a su entrenador Fernando Lopez Torres y todo el grupo que integran por facilitarnos los datos salientes de la \u201cNeike\u201d 10\u00ba Aniversario.<\/p>\n","protected":false},"excerpt":{"rendered":"<p>La Trail Run Aniversario \u201cLa Neike\u201d concluy\u00f3 con triunfos en la general para corredores entrerrianos Un clima agradable fue el aliado de la carrera de aventura que marc\u00f3 el final de la temporada correntina, del circuito correntino de Running. Para muchos de los competidores del circuito provincial ha sido significativa esta \u201caventura\u201d, porque era el [&hellip;]<\/p>\n","protected":false},"author":2,"featured_media":2954,"comment_status":"open","ping_status":"open","sticky":false,"template":"","format":"standard","meta":{"footnotes":""},"categories":[76],"tags":[],"class_list":{"0":"post-2953","1":"post","2":"type-post","3":"status-publish","4":"format-standard","5":"has-post-thumbnail","7":"category-deportes"},"_links":{"self":[{"href":"https:\/\/elpueblonoticia.com.ar\/web\/wp-json\/wp\/v2\/posts\/2953","targetHints":{"allow":["GET"]}}],"collection":[{"href":"https:\/\/elpueblonoticia.com.ar\/web\/wp-json\/wp\/v2\/posts"}],"about":[{"href":"https:\/\/elpueblonoticia.com.ar\/web\/wp-json\/wp\/v2\/types\/post"}],"author":[{"embeddable":true,"href":"https:\/\/elpueblonoticia.com.ar\/web\/wp-json\/wp\/v2\/users\/2"}],"replies":[{"embeddable":true,"href":"https:\/\/elpueblonoticia.com.ar\/web\/wp-json\/wp\/v2\/comments?post=2953"}],"version-history":[{"count":0,"href":"https:\/\/elpueblonoticia.com.ar\/web\/wp-json\/wp\/v2\/posts\/2953\/revisions"}],"wp:featuredmedia":[{"embeddable":true,"href":"https:\/\/elpueblonoticia.com.ar\/web\/wp-json\/wp\/v2\/media\/2954"}],"wp:attachment":[{"href":"https:\/\/elpueblonoticia.com.ar\/web\/wp-json\/wp\/v2\/media?parent=2953"}],"wp:term":[{"taxonomy":"category","embeddable":true,"href":"https:\/\/elpueblonoticia.com.ar\/web\/wp-json\/wp\/v2\/categories?post=2953"},{"taxonomy":"post_tag","embeddable":true,"href":"https:\/\/elpueblonoticia.com.ar\/web\/wp-json\/wp\/v2\/tags?post=2953"}],"curies":[{"name":"wp","href":"https:\/\/api.w.org\/{rel}","templated":true}]}}