{"id":2948,"date":"2025-11-03T07:50:28","date_gmt":"2025-11-03T10:50:28","guid":{"rendered":"https:\/\/elpueblonoticia.com.ar\/web\/?p=2948"},"modified":"2025-11-03T07:50:28","modified_gmt":"2025-11-03T10:50:28","slug":"fiesta-provincial-del-inmigrante-2","status":"publish","type":"post","link":"https:\/\/elpueblonoticia.com.ar\/web\/2025\/11\/03\/fiesta-provincial-del-inmigrante-2\/","title":{"rendered":"FIESTA PROVINCIAL DEL INMIGRANTE"},"content":{"rendered":"<p data-olk-copy-source=\"MessageBody\"><img loading=\"lazy\" decoding=\"async\" class=\"alignnone  wp-image-2950\" src=\"https:\/\/elpueblonoticia.com.ar\/web\/wp-content\/uploads\/2025\/11\/FotoJet-300x233.jpg\" alt=\"\" width=\"779\" height=\"605\" srcset=\"https:\/\/elpueblonoticia.com.ar\/web\/wp-content\/uploads\/2025\/11\/FotoJet-300x233.jpg 300w, https:\/\/elpueblonoticia.com.ar\/web\/wp-content\/uploads\/2025\/11\/FotoJet-1024x796.jpg 1024w, https:\/\/elpueblonoticia.com.ar\/web\/wp-content\/uploads\/2025\/11\/FotoJet-768x597.jpg 768w, https:\/\/elpueblonoticia.com.ar\/web\/wp-content\/uploads\/2025\/11\/FotoJet-1536x1194.jpg 1536w, https:\/\/elpueblonoticia.com.ar\/web\/wp-content\/uploads\/2025\/11\/FotoJet-540x420.jpg 540w, https:\/\/elpueblonoticia.com.ar\/web\/wp-content\/uploads\/2025\/11\/FotoJet-696x541.jpg 696w, https:\/\/elpueblonoticia.com.ar\/web\/wp-content\/uploads\/2025\/11\/FotoJet-1068x830.jpg 1068w, https:\/\/elpueblonoticia.com.ar\/web\/wp-content\/uploads\/2025\/11\/FotoJet.jpg 2025w\" sizes=\"auto, (max-width: 779px) 100vw, 779px\" \/><\/p>\n<p class=\"x_MsoNormal\" data-olk-copy-source=\"MessageBody\">En Costanera Norte fueron coronadas las reinas de las colectividades que ser\u00e1n parte de la Edici\u00f3n 2025 de la Fiesta Provincial del Inmigrante.<\/p>\n<p class=\"x_MsoNormal\" aria-hidden=\"true\">\n<p class=\"x_MsoNormal\">EL INTENDENTE MARIANO HORMAECHEA ACOMPA\u00d1\u00d3 LA CEREMONIA DE CORONACI\u00d3N DE LAS REINAS Y PRESENTACI\u00d3N DE LOS EMBAJADORES<\/p>\n<p class=\"x_MsoNormal\" aria-hidden=\"true\">\n<p class=\"x_MsoNormal\">Junto al Intendente participaron de este acto que ha servido de presentaci\u00f3n de la Fiesta Provincial a realizarse del 14 al 16 de noviembre en el Multiespacio Ferial de Costa Surub\u00ed, el Secretario de Turismo Sebasti\u00e1n Candia, la Vicepresidente 2\u00aa del HCD Concejal Vivian Merlo, el Subsecretario de Turismo de la Provincia Oscar Macias, la Concejal Susana Quiroz, la presidente de la Comisi\u00f3n Organizadora M\u00f3nica Pazos, miembros de la comisi\u00f3n, representantes de colectividades, periodistas la reina Brisa Buzzelatto (Irlanda); la 1\u00aa Princesa: Paulina Fisher (Alemania), la 2\u00aa Princesa: Roci\u00f3 Garc\u00eda (Croacia) \u00a0y p\u00fablico en general<\/p>\n<p class=\"x_MsoNormal\" aria-hidden=\"true\">\n<p class=\"x_MsoNormal\">Esta Edici\u00f3n contara con la presencia de embajadores de los pa\u00edses participantes y los \u201cGuardianes\u201d de la Fiesta, un grupo de ni\u00f1os de los institutos de danzas y ballet de la ciudad como aspectos salientes para este a\u00f1o.<\/p>\n<p class=\"x_MsoNormal\" aria-hidden=\"true\">\n<p class=\"x_MsoNormal\" aria-hidden=\"true\">\n<p class=\"x_MsoNormal\">MARIANO HORMAECHEA<\/p>\n<p class=\"x_MsoNormal\">El Intendente Mariano Hormaechea, tras saludar a la comisi\u00f3n, funcionarios, concejales, a la reina y princesa, a las colectividades, para se\u00f1alar: \u201cEstamos contentos de acompa\u00f1ar a toda la comisi\u00f3n, por este esfuerzo, los goyanos estamos poniendo el valor a nuestra identidad, esta Fiesta del Inmigrante es parte de la historia de la ciudad, nosotros el 9 de noviembre haremos un acto Institucional para poner sobre la mesa esta fecha que est\u00e1 documentada en registro p\u00fablico, donde nos ordena la historia, los valores, nuestro sentido de pertenencia.<\/p>\n<p class=\"x_MsoNormal\">Esta Fiesta-prosigui\u00f3- tiene que seguir creciendo, es una fiesta provincial, convocamos a todos los que se quieren sumar, es una Fiesta que debemos hacerla juntos, a seguir creciendo, para que sea parte del calendario de eventos de la ciudad, esto que hacemos es para dar fuerza, revalorizar lo nuestro, gracias a las colectividades, a la comisi\u00f3n, a seguir trabajando juntos.\u201d<\/p>\n<p class=\"x_MsoNormal\" aria-hidden=\"true\">\n<p class=\"x_MsoNormal\" aria-hidden=\"true\">\n<p class=\"x_MsoNormal\">MONICA PAZOS<\/p>\n<p class=\"x_MsoNormal\" aria-hidden=\"true\">\n<p class=\"x_MsoNormal\">La presidente de la Comisi\u00f3n M\u00f3nica Pazos, reconoci\u00f3 el trabajo de las colectividades, las ganas, la pasi\u00f3n y destac\u00f3 la presencia del p\u00fablico: \u201cUn agradecimiento a todos los presentes por acompa\u00f1ar este hecho de coronar a las reinas de las colectividades que no solo ser\u00e1n parte de la Fiesta, sino que representaran en las diferentes fiestas que sean invitadas, gracias al Intendente Mariano Hormaechea por acompa\u00f1arnos, al Secretario de Turismo y quiero destacar el trabajo de cada colectividad aquellas que se suman en este a\u00f1o, por el trabajo, el esfuerzo reflejados en la presencia esta noche y en la elaboraci\u00f3n de sus comidas y bebidas t\u00edpicas de esos pa\u00edses representados.<\/p>\n<p class=\"x_MsoNormal\" aria-hidden=\"true\">\n<p class=\"x_MsoNormal\" aria-hidden=\"true\">\n<p class=\"x_MsoNormal\">CORONACI\u00d3N DE REINAS Y PRESENTACI\u00d3N DE EMBAJADORES<\/p>\n<p class=\"x_MsoNormal\">Tras la bienvenida se procedi\u00f3 a la ceremonia de coronaci\u00f3n de las representantes de cada colectividad que participara de la Fiesta Provincial del Inmigrante:<\/p>\n<p class=\"x_MsoNormal\">ARGENTINA:\u00a0\u00a0\u00a0\u00a0\u00a0\u00a0 Ayel\u00e9n Adriazola<\/p>\n<p class=\"x_MsoNormal\">ALEMANIA:\u00a0\u00a0\u00a0\u00a0\u00a0\u00a0\u00a0\u00a0 Martina Holtz<\/p>\n<p class=\"x_MsoNormal\">BRASIL:\u00a0\u00a0\u00a0\u00a0\u00a0\u00a0\u00a0\u00a0\u00a0\u00a0\u00a0\u00a0\u00a0\u00a0\u00a0 Mar\u00eda del Pilar Duarte<\/p>\n<p class=\"x_MsoNormal\">BOLIVIA:\u00a0\u00a0\u00a0\u00a0\u00a0\u00a0\u00a0\u00a0\u00a0\u00a0\u00a0\u00a0 Sebastiana Poro<\/p>\n<p class=\"x_MsoNormal\">CROACIA:\u00a0\u00a0\u00a0\u00a0\u00a0\u00a0\u00a0\u00a0\u00a0\u00a0 Brenda Arrieta<\/p>\n<p class=\"x_MsoNormal\">COLOMBIA:\u00a0\u00a0\u00a0\u00a0\u00a0\u00a0 Vanesa Mart\u00ednez<\/p>\n<p class=\"x_MsoNormal\">ITALIA:\u00a0\u00a0\u00a0\u00a0\u00a0\u00a0\u00a0\u00a0\u00a0\u00a0\u00a0\u00a0\u00a0 \u00a0Martina In\u00e9s Barchiesi<\/p>\n<p class=\"x_MsoNormal\">IRLANDA:\u00a0\u00a0\u00a0\u00a0\u00a0\u00a0\u00a0 \u00a0\u00a0Luciana Olivetti<\/p>\n<p class=\"x_MsoNormal\">PA\u00cdSES \u00c1RABES: Mia Kamuk<\/p>\n<p class=\"x_MsoNormal\">UCRANIA:\u00a0\u00a0\u00a0\u00a0\u00a0\u00a0\u00a0\u00a0 Florencia Clemente<\/p>\n<p class=\"x_MsoNormal\">PER\u00da:\u00a0\u00a0\u00a0\u00a0\u00a0\u00a0\u00a0\u00a0\u00a0\u00a0\u00a0\u00a0\u00a0\u00a0\u00a0 Guadalupe Itat\u00ed Cabral<\/p>\n<p class=\"x_MsoNormal\">ESPA\u00d1A:\u00a0\u00a0\u00a0\u00a0\u00a0\u00a0\u00a0\u00a0\u00a0\u00a0 Brisa Gallo<\/p>\n<p class=\"x_MsoNormal\">INGLATERRA:\u00a0\u00a0 Iara Winston<\/p>\n<p class=\"x_MsoNormal\">PORTUGAL:\u00a0\u00a0\u00a0\u00a0\u00a0 Paulina Ferreyra<\/p>\n<p class=\"x_MsoNormal\">ESLOVENIA:\u00a0\u00a0\u00a0\u00a0 Yohana N\u00fa\u00f1ez<\/p>\n<p class=\"x_MsoNormal\">RUMANIA:\u00a0\u00a0\u00a0\u00a0\u00a0\u00a0\u00a0 Berenice Viglieca<\/p>\n<p class=\"x_MsoNormal\">M\u00c9XICO:\u00a0\u00a0\u00a0\u00a0\u00a0\u00a0\u00a0\u00a0\u00a0\u00a0 Morena Aldana Pintos Ayala<\/p>\n<p class=\"x_MsoNormal\">PA\u00cdSES BAJOS: Abril Groothuis<\/p>\n<p class=\"x_MsoNormal\">FRANCIA:\u00a0\u00a0\u00a0\u00a0\u00a0\u00a0\u00a0 Leila Ojeda<\/p>\n<p class=\"x_MsoNormal\">La coronaci\u00f3n corresponde \u00fanicamente a las reinas de las mencionadas colectividades, los embajadores han sido presentados como parte del acompa\u00f1amiento a los pa\u00edses representados.<\/p>\n<p class=\"x_MsoNormal\" aria-hidden=\"true\">\n<p class=\"x_MsoNormal\">BAILE Y DEGUSTACI\u00d3N DE SABORES<\/p>\n<p class=\"x_MsoNormal\">La ceremonia concluy\u00f3 con un cuadro de baile preparado para anunciar que esta Edici\u00f3n cuenta con los \u201cGuardianes de la Fiesta\u201d, invitando luego a los presentes a degustar los sabores de platos y bebidas t\u00edpicas de las colectividades, explicando las caracter\u00edsticas de cada representante o las mismas reinas de esas colectividades.<\/p>\n<p class=\"x_MsoNormal\" aria-hidden=\"true\">\n<p class=\"x_MsoNormal\">Para finalizar la reina Brisa Buzzelatto, la 1\u00aa Princesa: Paulina Fisher y la 2\u00aa Princesa: Roci\u00f3 Garc\u00eda, junto a la presidente de la Comisi\u00f3n M\u00f3nica Pazos, agradecieron el acompa\u00f1amiento de la ceremonia invitando a participar desde el 14 al 16 de noviembre en Costa Surub\u00ed de la Fiesta Provincial del Inmigrante.<\/p>\n","protected":false},"excerpt":{"rendered":"<p>En Costanera Norte fueron coronadas las reinas de las colectividades que ser\u00e1n parte de la Edici\u00f3n 2025 de la Fiesta Provincial del Inmigrante. EL INTENDENTE MARIANO HORMAECHEA ACOMPA\u00d1\u00d3 LA CEREMONIA DE CORONACI\u00d3N DE LAS REINAS Y PRESENTACI\u00d3N DE LOS EMBAJADORES Junto al Intendente participaron de este acto que ha servido de presentaci\u00f3n de la Fiesta [&hellip;]<\/p>\n","protected":false},"author":2,"featured_media":2949,"comment_status":"open","ping_status":"open","sticky":false,"template":"","format":"standard","meta":{"footnotes":""},"categories":[56],"tags":[],"class_list":{"0":"post-2948","1":"post","2":"type-post","3":"status-publish","4":"format-standard","5":"has-post-thumbnail","7":"category-locales"},"_links":{"self":[{"href":"https:\/\/elpueblonoticia.com.ar\/web\/wp-json\/wp\/v2\/posts\/2948","targetHints":{"allow":["GET"]}}],"collection":[{"href":"https:\/\/elpueblonoticia.com.ar\/web\/wp-json\/wp\/v2\/posts"}],"about":[{"href":"https:\/\/elpueblonoticia.com.ar\/web\/wp-json\/wp\/v2\/types\/post"}],"author":[{"embeddable":true,"href":"https:\/\/elpueblonoticia.com.ar\/web\/wp-json\/wp\/v2\/users\/2"}],"replies":[{"embeddable":true,"href":"https:\/\/elpueblonoticia.com.ar\/web\/wp-json\/wp\/v2\/comments?post=2948"}],"version-history":[{"count":0,"href":"https:\/\/elpueblonoticia.com.ar\/web\/wp-json\/wp\/v2\/posts\/2948\/revisions"}],"wp:featuredmedia":[{"embeddable":true,"href":"https:\/\/elpueblonoticia.com.ar\/web\/wp-json\/wp\/v2\/media\/2949"}],"wp:attachment":[{"href":"https:\/\/elpueblonoticia.com.ar\/web\/wp-json\/wp\/v2\/media?parent=2948"}],"wp:term":[{"taxonomy":"category","embeddable":true,"href":"https:\/\/elpueblonoticia.com.ar\/web\/wp-json\/wp\/v2\/categories?post=2948"},{"taxonomy":"post_tag","embeddable":true,"href":"https:\/\/elpueblonoticia.com.ar\/web\/wp-json\/wp\/v2\/tags?post=2948"}],"curies":[{"name":"wp","href":"https:\/\/api.w.org\/{rel}","templated":true}]}}