{"id":2920,"date":"2025-10-31T11:25:03","date_gmt":"2025-10-31T14:25:03","guid":{"rendered":"https:\/\/elpueblonoticia.com.ar\/web\/?p=2920"},"modified":"2025-10-31T11:25:03","modified_gmt":"2025-10-31T14:25:03","slug":"choque-frontal-en-la-ruta-12-dejo-cuatro-muertos-dos-de-ellos-calcinados-y-un-herido","status":"publish","type":"post","link":"https:\/\/elpueblonoticia.com.ar\/web\/2025\/10\/31\/choque-frontal-en-la-ruta-12-dejo-cuatro-muertos-dos-de-ellos-calcinados-y-un-herido\/","title":{"rendered":"Choque frontal en la ruta 12 dej\u00f3 cuatro muertos, dos de ellos calcinados y un herido"},"content":{"rendered":"<div style=\"width: 696px;\" class=\"wp-video\"><!--[if lt IE 9]><script>document.createElement('video');<\/script><![endif]-->\n<video class=\"wp-video-shortcode\" id=\"video-2920-1\" width=\"696\" height=\"392\" preload=\"metadata\" controls=\"controls\"><source type=\"video\/mp4\" src=\"https:\/\/elpueblonoticia.com.ar\/web\/wp-content\/uploads\/2025\/10\/WhatsApp-Video-2025-10-31-at-10.36.59.mp4?_=1\" \/><a href=\"https:\/\/elpueblonoticia.com.ar\/web\/wp-content\/uploads\/2025\/10\/WhatsApp-Video-2025-10-31-at-10.36.59.mp4\">https:\/\/elpueblonoticia.com.ar\/web\/wp-content\/uploads\/2025\/10\/WhatsApp-Video-2025-10-31-at-10.36.59.mp4<\/a><\/video><\/div>\n<p><img decoding=\"async\" src=\"https:\/\/www.diarioellibertador.com.ar\/wp-content\/uploads\/2025\/10\/WhatsApp-Image-2025-10-31-at-8.51.14-AM-e1761913052514-1.jpeg\" \/><\/p>\n<p><img decoding=\"async\" src=\"https:\/\/www.diarioellibertador.com.ar\/wp-content\/uploads\/2025\/10\/WhatsApp-Image-2025-10-31-at-10.36.09-1.jpeg\" \/><\/p>\n<p>Un brutal impacto frontal entre dos camionetas sobre la Ruta Nacional 12, en jurisdicci\u00f3n de la ciudad correntina de Ituzaing\u00f3, dej\u00f3 un saldo de cuatro personas fallecidas y un herido de gravedad. El tr\u00e1gico siniestro vial ocurri\u00f3 en la ma\u00f1ana de este viernes 31 de octubre, alrededor de las 8.<\/p>\n<p>El siniestro vial se registr\u00f3 a la altura del kil\u00f3metro 1.304 de la Ruta Nacional 12, aproximadamente a unos 40 kil\u00f3metros del acceso a la ciudad de Ituzaing\u00f3, en el trayecto que se dirige hacia Posadas, Misiones.<\/p>\n<p>Aunque inicialmente se manejaba la cifra de una v\u00edctima fatal, la gravedad del evento pronto elev\u00f3 el n\u00famero. Fuentes policiales informaron a EL LIBERTADOR que el choque result\u00f3 en cuatro personas fallecidas en el lugar, dos de ellas calcinadas, y una quinta con lesiones de gravedad, quien fue trasladada de urgencia al hospital local.<\/p>\n<p>El reporte policial indica que en una de las camionetas se trasladaban 3 personas, familiares entre s\u00ed: un joven de doble apellido Ale L\u00f3pez (32) y una mujer de apellido L\u00f3pez Beristayn (59) y otro hombre de doble apellido Ale L\u00f3pez (27) este \u00faltimo result\u00f3 con lesiones de menor gravedad y fue trasladado hasta un centro de salud local. En el segundo veh\u00edculo que se prendi\u00f3 fuego, al parecer hab\u00eda dos ocupantes que murieron calcinados, que en principio se tratar\u00eda de dos hombres oriundos de la Provincia de Misiones.<\/p>\n<div class=\"main-wrap\">\n<div class=\"main ts-contain cf right-sidebar\" data-title=\"Choque frontal en la Ruta 12 dej\u00f3 al menos dos muertos y un herido: uno de los veh\u00edculo ardi\u00f3 en llamas\" data-url=\"https:\/\/www.diarioellibertador.com.ar\/choque-frontal-en-la-ruta-12-dejo-al-menos-dos-muertos-y-un-herido-uno-de-los-vehiculo-ardio-en-llamas\/\">\n<div class=\"ts-row has-head-below\">\n<div class=\"col-8 main-content s-post-contain\">\n<div class=\"the-post s-post-modern-below\">\n<article id=\"post-370353\" class=\"post-370353 post type-post status-publish format-video has-post-thumbnail category-policiales tag-portada post_format-post-format-video\">\n<div class=\"post-content-wrap has-share-float\">\n<div class=\"post-content cf entry-content content-spacious\">\n<h2 class=\"wp-block-heading\">La colisi\u00f3n y el operativo de emergencia<\/h2>\n<p>El choque se dio de manera frontal entre las dos camionetas una Ford Ranger y una Toyota Hilux, y como consecuencia de la violenta colisi\u00f3n, la primera de ellas se incendi\u00f3 sobre la banquina y la otra qued\u00f3 atravesada sobre la calzada. A\u00fan no se brindaron mayores precisiones sobre las causas o el motivo que origin\u00f3 el impacto.<\/p>\n<p>El escenario de la brutal colisi\u00f3n requiri\u00f3 un amplio operativo de emergencia. En el sitio trabajaron efectivos de la Polic\u00eda de Corrientes, Bomberos Voluntarios de Ituzaing\u00f3, ambulancias y agentes del Ministerio de Seguridad Vial (MSV). Estos equipos realizaron las tareas de asistencia, peritaje correspondientes y sofocaci\u00f3n de las llamas.<\/p>\n<p>Debido a la presencia de los equipos de rescate y la necesidad de remover los veh\u00edculos siniestrados, la calzada de la Ruta 12 permaneci\u00f3 parcialmente cortada, con el tr\u00e1nsito reducido a un solo carril.<\/p>\n<figure class=\"wp-block-video\"><\/figure>\n<p>Las autoridades viales solicitaron encarecidamente a los automovilistas que circulen por la zona con extrema precauci\u00f3n y que respeten las indicaciones del personal de emergencia hasta que finalicen las labores de peritaje y remoci\u00f3n. El hecho seguir\u00e1 bajo investigaci\u00f3n judicial.<\/p>\n<p>&nbsp;<\/p>\n<p>&nbsp;<\/p>\n<\/div>\n<\/div>\n<\/article>\n<section class=\"related-posts\">\n<div class=\"block-head block-head-ac block-head-f is-left\">\n<h4 class=\"heading\"><\/h4>\n<\/div>\n<section class=\"block-wrap block-grid cols-gap-sm mb-none\" data-id=\"1\">\n<div class=\"block-content\">\n<div class=\"loop loop-grid loop-grid-sm grid grid-3 md:grid-2 xs:grid-1\">\n<article class=\"l-post grid-post grid-sm-post\">\n<div class=\"media\"><\/div>\n<div class=\"content\">\n<div class=\"post-meta post-meta-a\"><\/div>\n<\/div>\n<\/article>\n<article class=\"l-post grid-post grid-sm-post\">\n<div class=\"media\"><\/div>\n<div class=\"content\">\n<div class=\"post-meta post-meta-a\"><\/div>\n<\/div>\n<\/article>\n<\/div>\n<\/div>\n<\/section>\n<\/section>\n<\/div>\n<\/div>\n<\/div>\n<\/div>\n<\/div>\n<p>&nbsp;<\/p>\n","protected":false},"excerpt":{"rendered":"<p>Un brutal impacto frontal entre dos camionetas sobre la Ruta Nacional 12, en jurisdicci\u00f3n de la ciudad correntina de Ituzaing\u00f3, dej\u00f3 un saldo de cuatro personas fallecidas y un herido de gravedad. El tr\u00e1gico siniestro vial ocurri\u00f3 en la ma\u00f1ana de este viernes 31 de octubre, alrededor de las 8. El siniestro vial se registr\u00f3 [&hellip;]<\/p>\n","protected":false},"author":2,"featured_media":2921,"comment_status":"open","ping_status":"open","sticky":false,"template":"","format":"standard","meta":{"footnotes":""},"categories":[68],"tags":[],"class_list":{"0":"post-2920","1":"post","2":"type-post","3":"status-publish","4":"format-standard","5":"has-post-thumbnail","7":"category-policiales-nacionales"},"_links":{"self":[{"href":"https:\/\/elpueblonoticia.com.ar\/web\/wp-json\/wp\/v2\/posts\/2920","targetHints":{"allow":["GET"]}}],"collection":[{"href":"https:\/\/elpueblonoticia.com.ar\/web\/wp-json\/wp\/v2\/posts"}],"about":[{"href":"https:\/\/elpueblonoticia.com.ar\/web\/wp-json\/wp\/v2\/types\/post"}],"author":[{"embeddable":true,"href":"https:\/\/elpueblonoticia.com.ar\/web\/wp-json\/wp\/v2\/users\/2"}],"replies":[{"embeddable":true,"href":"https:\/\/elpueblonoticia.com.ar\/web\/wp-json\/wp\/v2\/comments?post=2920"}],"version-history":[{"count":0,"href":"https:\/\/elpueblonoticia.com.ar\/web\/wp-json\/wp\/v2\/posts\/2920\/revisions"}],"wp:featuredmedia":[{"embeddable":true,"href":"https:\/\/elpueblonoticia.com.ar\/web\/wp-json\/wp\/v2\/media\/2921"}],"wp:attachment":[{"href":"https:\/\/elpueblonoticia.com.ar\/web\/wp-json\/wp\/v2\/media?parent=2920"}],"wp:term":[{"taxonomy":"category","embeddable":true,"href":"https:\/\/elpueblonoticia.com.ar\/web\/wp-json\/wp\/v2\/categories?post=2920"},{"taxonomy":"post_tag","embeddable":true,"href":"https:\/\/elpueblonoticia.com.ar\/web\/wp-json\/wp\/v2\/tags?post=2920"}],"curies":[{"name":"wp","href":"https:\/\/api.w.org\/{rel}","templated":true}]}}