{"id":2916,"date":"2025-10-31T11:09:46","date_gmt":"2025-10-31T14:09:46","guid":{"rendered":"https:\/\/elpueblonoticia.com.ar\/web\/?p=2916"},"modified":"2025-10-31T11:09:46","modified_gmt":"2025-10-31T14:09:46","slug":"caso-cecilia-strzyzowski-hay-mas-de-50-testigos-convocados","status":"publish","type":"post","link":"https:\/\/elpueblonoticia.com.ar\/web\/2025\/10\/31\/caso-cecilia-strzyzowski-hay-mas-de-50-testigos-convocados\/","title":{"rendered":"Caso Cecilia Strzyzowski: Hay m\u00e1s de 50 testigos convocados"},"content":{"rendered":"<p><img decoding=\"async\" src=\"https:\/\/www.radiosudamericana.com\/notix\/multimedia\/imagenes\/fotos\/2025-10-30\/925335.jpg_nota.jpg\" \/><\/p>\n<p>El abogado querellante del caso Cecilia Strzyzowski, doctor Gustavo Brien, dialog\u00f3 con Radio Sudamericana y confirm\u00f3 que se constituy\u00f3 el jurado popular. \u00abEsta todo listo para que ma\u00f1ana comience el juicio\u00bb, dijo y subray\u00f3 que ser\u00e1n los chaque\u00f1os quienes decidan sobre la responsabilidad del clan Sena.<\/p>\n<p>Tras varias jornadas de audiencias, qued\u00f3 conformado el jurado popular que definir\u00e1 el veredicto en el juicio por el femicidio de Cecilia Strzyzowski. El abogado querellante, Gustavo Briend, confirm\u00f3 que este viernes comenzar\u00e1 formalmente el debate oral, en el que 12 ciudadanos chaque\u00f1os asumir\u00e1n el rol de jueces de hecho.<\/p>\n<p>\u201cHabemus jurado\u201d, expres\u00f3 Briend, luego de una extensa selecci\u00f3n que se desarroll\u00f3 desde el martes y convoc\u00f3 a m\u00e1s de 350 personas de la ciudad de Resistencia y alrededores, pertenecientes a la Primera Circunscripci\u00f3n Judicial del Chaco.<\/p>\n<h2 class=\"wp-block-heading\"><strong>Inicio del juicio y cronograma<\/strong><\/h2>\n<p>El juicio por el femicidio de Cecilia Strzyzowski comenzar\u00e1 este viernes a las 8:00 en el Centro de Estudios Judiciales de Resistencia, frente a la Plaza 25 de Mayo.<\/p>\n<p>Est\u00e1 previsto que se extienda hasta el 20 de noviembre, con m\u00e1s de 50 testigos convocados y audiencias diarias de 8 a 17 horas.\u00a0 \u201cEl jurado ya est\u00e1 listo. Ma\u00f1ana comienza el verdadero juicio\u201d, afirm\u00f3 Briend. \u201cEsperamos que este proceso se desarrolle con respeto, seguridad y transparencia. En definitiva, es el pueblo del Chaco el que va a decidir\u201d.<\/p>\n<h2 class=\"wp-block-heading\"><strong>C\u00f3mo se elige un jurado popular<\/strong><\/h2>\n<p>El proceso se rige por la Ley de Juicio por Jurados de la Provincia del Chaco, sancionada en 2019. Cada a\u00f1o, la Loter\u00eda Chaque\u00f1a realiza un sorteo p\u00fablico a partir de los n\u00fameros de DNI, que determina una lista de 1.000 ciudadanos que podr\u00e1n ser convocados durante el a\u00f1o como potenciales jurados.<\/p>\n<p><strong>Para ser elegible, se requiere:<\/strong><\/p>\n<ul class=\"wp-block-list\">\n<li>Tener domicilio en la provincia del Chaco, dentro de la circunscripci\u00f3n judicial donde se juzga el caso.<\/li>\n<li>Ser argentino, mayor de 21 a\u00f1os y menor de 75.<\/li>\n<li>Saber leer y escribir.<\/li>\n<li>No tener antecedentes penales ni ocupar cargos p\u00fablicos vinculados al Poder Judicial, fuerzas de seguridad o la abogac\u00eda.<\/li>\n<\/ul>\n<p>A diferencia de lo que algunos creen, no existe inscripci\u00f3n voluntaria: nadie puede postularse para ser jurado; la designaci\u00f3n surge exclusivamente del sorteo anual.<\/p>\n<h2 class=\"wp-block-heading\"><strong>De los 350 convocados, quedaron 12 titulares y 4 suplentes<\/strong><\/h2>\n<p>Durante tres d\u00edas, las partes (fiscal\u00eda, querella y defensa) entrevistaron a los ciudadanos seleccionados, a partir de un cuestionario previo sobre temas como la presunci\u00f3n de inocencia, la violencia de g\u00e9nero y los valores personales de los postulantes.<\/p>\n<p>En la primera etapa se desarroll\u00f3 el proceso de dispensa o excusaci\u00f3n, donde aquellos que conoc\u00edan a alguna de las partes o ten\u00edan motivos fundados para no participar pudieron solicitar su exclusi\u00f3n.<br \/>\nFinalmente, se eligieron 12 jurados titulares y 4 suplentes, respetando la paridad de g\u00e9nero: seis hombres y seis mujeres.<\/p>\n<p>\u201cLos jurados son una representaci\u00f3n del pueblo chaque\u00f1o. No hay profesionales del derecho ni autoridades judiciales. Son ciudadanos comunes, de distintas profesiones y estratos sociales\u201d, explic\u00f3 Briend.<\/p>\n<h2 class=\"wp-block-heading\"><strong>Obligaci\u00f3n c\u00edvica y sanciones por inasistencia<\/strong><\/h2>\n<div class=\"wp-block-image\"><\/div>\n<p>El rol de jurado popular constituye una obligaci\u00f3n c\u00edvica, similar al voto.<br \/>\nQuienes son convocados y no se presentan sin causa justificada pueden recibir una multa equivalente a tres salarios m\u00ednimos, seg\u00fan establece la ley provincial.<\/p>\n<p>Adem\u00e1s, en caso de no justificar su ausencia, el tribunal puede disponer su conducci\u00f3n por la fuerza p\u00fablica.<\/p>\n<p>Solo se admiten excusaciones por motivos de salud, razones familiares graves o incompatibilidad funcional debidamente acreditada.<\/p>\n<p>\u201cEs una carga p\u00fablica, y no presentarse puede tener consecuencias econ\u00f3micas. La multa ronda los tres salarios m\u00ednimos\u201d, detall\u00f3 el abogado querellante.<\/p>\n<h2 class=\"wp-block-heading\"><strong>Seguridad, anonimato y funcionamiento<\/strong><\/h2>\n<p>Durante las audiencias, est\u00e1 prohibido filmar, fotografiar o difundir datos personales de los jurados, para garantizar su seguridad.<br \/>\nUna vez conformado el cuerpo, los ciudadanos regresan a sus domicilios tras cada jornada, aunque cuentan con custodia policial individual durante el juicio.<\/p>\n<p>El jurado no elige un presidente; todos los integrantes tienen el mismo peso en la deliberaci\u00f3n. Solo uno de ellos ser\u00e1 designado para leer el veredicto en la audiencia final.<\/p>\n<p>El jurado deber\u00e1 expedirse por \u201cculpable\u201d o \u201cno culpable\u201d, y en caso de veredicto condenatorio, la jueza t\u00e9cnica ser\u00e1 quien determine la pena correspondiente.<\/p>\n","protected":false},"excerpt":{"rendered":"<p>El abogado querellante del caso Cecilia Strzyzowski, doctor Gustavo Brien, dialog\u00f3 con Radio Sudamericana y confirm\u00f3 que se constituy\u00f3 el jurado popular. \u00abEsta todo listo para que ma\u00f1ana comience el juicio\u00bb, dijo y subray\u00f3 que ser\u00e1n los chaque\u00f1os quienes decidan sobre la responsabilidad del clan Sena. Tras varias jornadas de audiencias, qued\u00f3 conformado el jurado [&hellip;]<\/p>\n","protected":false},"author":2,"featured_media":2917,"comment_status":"open","ping_status":"open","sticky":false,"template":"","format":"standard","meta":{"footnotes":""},"categories":[68],"tags":[],"class_list":{"0":"post-2916","1":"post","2":"type-post","3":"status-publish","4":"format-standard","5":"has-post-thumbnail","7":"category-policiales-nacionales"},"_links":{"self":[{"href":"https:\/\/elpueblonoticia.com.ar\/web\/wp-json\/wp\/v2\/posts\/2916","targetHints":{"allow":["GET"]}}],"collection":[{"href":"https:\/\/elpueblonoticia.com.ar\/web\/wp-json\/wp\/v2\/posts"}],"about":[{"href":"https:\/\/elpueblonoticia.com.ar\/web\/wp-json\/wp\/v2\/types\/post"}],"author":[{"embeddable":true,"href":"https:\/\/elpueblonoticia.com.ar\/web\/wp-json\/wp\/v2\/users\/2"}],"replies":[{"embeddable":true,"href":"https:\/\/elpueblonoticia.com.ar\/web\/wp-json\/wp\/v2\/comments?post=2916"}],"version-history":[{"count":0,"href":"https:\/\/elpueblonoticia.com.ar\/web\/wp-json\/wp\/v2\/posts\/2916\/revisions"}],"wp:featuredmedia":[{"embeddable":true,"href":"https:\/\/elpueblonoticia.com.ar\/web\/wp-json\/wp\/v2\/media\/2917"}],"wp:attachment":[{"href":"https:\/\/elpueblonoticia.com.ar\/web\/wp-json\/wp\/v2\/media?parent=2916"}],"wp:term":[{"taxonomy":"category","embeddable":true,"href":"https:\/\/elpueblonoticia.com.ar\/web\/wp-json\/wp\/v2\/categories?post=2916"},{"taxonomy":"post_tag","embeddable":true,"href":"https:\/\/elpueblonoticia.com.ar\/web\/wp-json\/wp\/v2\/tags?post=2916"}],"curies":[{"name":"wp","href":"https:\/\/api.w.org\/{rel}","templated":true}]}}