{"id":2900,"date":"2025-10-31T10:15:18","date_gmt":"2025-10-31T13:15:18","guid":{"rendered":"https:\/\/elpueblonoticia.com.ar\/web\/?p=2900"},"modified":"2025-10-31T10:15:18","modified_gmt":"2025-10-31T13:15:18","slug":"vialidad-provincial-finalizo-las-obras-en-la-ruta-nacional-n-12-en-cercanias-de-ita-ibate","status":"publish","type":"post","link":"https:\/\/elpueblonoticia.com.ar\/web\/2025\/10\/31\/vialidad-provincial-finalizo-las-obras-en-la-ruta-nacional-n-12-en-cercanias-de-ita-ibate\/","title":{"rendered":"VIALIDAD PROVINCIAL FINALIZ\u00d3 LAS OBRAS EN LA RUTA NACIONAL N\u00b0 12, EN CERCAN\u00cdAS DE IT\u00c1 IBAT\u00c9"},"content":{"rendered":"<p><strong>Con recursos propios de la Provincia, el organismo culmin\u00f3 los trabajos de reparaci\u00f3n sobre la traza nacional y dej\u00f3 en condiciones el tramo, cuya habilitaci\u00f3n vehicular quedar\u00e1 a cargo de Vialidad Nacional.<\/strong><\/p>\n<p>&nbsp;<\/p>\n<p>La Direcci\u00f3n Provincial de Vialidad concluy\u00f3 este jueves por la tarde los trabajos sobre la Ruta Nacional N\u00b0 12, en inmediaciones de It\u00e1 Ibat\u00e9, luego de dos d\u00edas de intenso trabajo realizado con recursos propios. Las tareas que se ejecutaron permitieron restablecer las condiciones de transitabilidad del sector afectado.<\/p>\n<p>A partir de ahora, la habilitaci\u00f3n del paso vehicular depender\u00e1 de Vialidad Nacional, organismo responsable de la red troncal.<\/p>\n","protected":false},"excerpt":{"rendered":"<p>Con recursos propios de la Provincia, el organismo culmin\u00f3 los trabajos de reparaci\u00f3n sobre la traza nacional y dej\u00f3 en condiciones el tramo, cuya habilitaci\u00f3n vehicular quedar\u00e1 a cargo de Vialidad Nacional. &nbsp; La Direcci\u00f3n Provincial de Vialidad concluy\u00f3 este jueves por la tarde los trabajos sobre la Ruta Nacional N\u00b0 12, en inmediaciones de [&hellip;]<\/p>\n","protected":false},"author":2,"featured_media":2901,"comment_status":"open","ping_status":"open","sticky":false,"template":"","format":"standard","meta":{"footnotes":""},"categories":[78],"tags":[],"class_list":{"0":"post-2900","1":"post","2":"type-post","3":"status-publish","4":"format-standard","5":"has-post-thumbnail","7":"category-generales"},"_links":{"self":[{"href":"https:\/\/elpueblonoticia.com.ar\/web\/wp-json\/wp\/v2\/posts\/2900","targetHints":{"allow":["GET"]}}],"collection":[{"href":"https:\/\/elpueblonoticia.com.ar\/web\/wp-json\/wp\/v2\/posts"}],"about":[{"href":"https:\/\/elpueblonoticia.com.ar\/web\/wp-json\/wp\/v2\/types\/post"}],"author":[{"embeddable":true,"href":"https:\/\/elpueblonoticia.com.ar\/web\/wp-json\/wp\/v2\/users\/2"}],"replies":[{"embeddable":true,"href":"https:\/\/elpueblonoticia.com.ar\/web\/wp-json\/wp\/v2\/comments?post=2900"}],"version-history":[{"count":0,"href":"https:\/\/elpueblonoticia.com.ar\/web\/wp-json\/wp\/v2\/posts\/2900\/revisions"}],"wp:featuredmedia":[{"embeddable":true,"href":"https:\/\/elpueblonoticia.com.ar\/web\/wp-json\/wp\/v2\/media\/2901"}],"wp:attachment":[{"href":"https:\/\/elpueblonoticia.com.ar\/web\/wp-json\/wp\/v2\/media?parent=2900"}],"wp:term":[{"taxonomy":"category","embeddable":true,"href":"https:\/\/elpueblonoticia.com.ar\/web\/wp-json\/wp\/v2\/categories?post=2900"},{"taxonomy":"post_tag","embeddable":true,"href":"https:\/\/elpueblonoticia.com.ar\/web\/wp-json\/wp\/v2\/tags?post=2900"}],"curies":[{"name":"wp","href":"https:\/\/api.w.org\/{rel}","templated":true}]}}