{"id":2896,"date":"2025-10-31T10:05:53","date_gmt":"2025-10-31T13:05:53","guid":{"rendered":"https:\/\/elpueblonoticia.com.ar\/web\/?p=2896"},"modified":"2025-10-31T10:05:53","modified_gmt":"2025-10-31T13:05:53","slug":"hcd-de-goya-integrantes-de-la-comision-de-salud-visitaron-el-centro-de-dia-pichon-riviere","status":"publish","type":"post","link":"https:\/\/elpueblonoticia.com.ar\/web\/2025\/10\/31\/hcd-de-goya-integrantes-de-la-comision-de-salud-visitaron-el-centro-de-dia-pichon-riviere\/","title":{"rendered":"HCD DE GOYA: Integrantes de la Comisi\u00f3n de Salud visitaron el Centro de D\u00eda \u201cPich\u00f3n Riviere\u201d"},"content":{"rendered":"<p>Se interiorizaron de su funcionamiento los concejales Susana Quiroz, Gabriela Refojos, Antonio Mazzaro y Nicol\u00e1s Correa Curak, quienes recibieron informaci\u00f3n de las actividades del Centro de D\u00eda Municipal \u201cEnrique Pich\u00f3n Riviere\u201d de parte de Sabrina Coronel y Emilio Mart\u00ednez, Directora de Salud Mental y de Atenci\u00f3n Primaria de la Salud respectivamente.<\/p>\n<div>Los acompa\u00f1aron el Secretario de Comisiones Sergio Izquierdo y Carlos Forni\u00e9s, y, en el lugar, que luego recorrieron, ambos profesionales responsables del funcionamiento del Centro de D\u00eda, explicaron la forma en que funcionan, dando contenci\u00f3n a quienes padecen alguna adicci\u00f3n, a su familia, y sobre todo hicieron hincapi\u00e9 en el abordaje inter disciplinario que emplean para poder abarcar gran parte de la problem\u00e1tica de cada asistente, ya que en general los conflictos que se deben resolver son multicausales.<\/div>\n<div><\/div>\n<div>Adem\u00e1s, explicaron que se brindan charlas a j\u00f3venes sobre prevenci\u00f3n del suicidio, tanto en la ciudad como en la zona rural, y que muchas veces no se dimensiona el trabajo que se realiza en el Centro de D\u00eda porque por reservar identidades y personalidades, no se hacen informes detallados de su accionar.<\/div>\n<div><\/div>\n<div>Pusieron de manifiesto, que en ese centro se hace un abordaje integral sobre la problem\u00e1tica de salud mental, no solamente adicciones, y que por expreso pedido del intendente Hormaechea, su tarea es combinada con otras dependencias de la comuna, tales como la Direcci\u00f3n de la Mujer, la de Derechos Humanos, la de Adicciones, entre otras.<\/div>\n","protected":false},"excerpt":{"rendered":"<p>Se interiorizaron de su funcionamiento los concejales Susana Quiroz, Gabriela Refojos, Antonio Mazzaro y Nicol\u00e1s Correa Curak, quienes recibieron informaci\u00f3n de las actividades del Centro de D\u00eda Municipal \u201cEnrique Pich\u00f3n Riviere\u201d de parte de Sabrina Coronel y Emilio Mart\u00ednez, Directora de Salud Mental y de Atenci\u00f3n Primaria de la Salud respectivamente. Los acompa\u00f1aron el Secretario [&hellip;]<\/p>\n","protected":false},"author":2,"featured_media":2897,"comment_status":"open","ping_status":"open","sticky":false,"template":"","format":"standard","meta":{"footnotes":""},"categories":[66],"tags":[],"class_list":{"0":"post-2896","1":"post","2":"type-post","3":"status-publish","4":"format-standard","5":"has-post-thumbnail","7":"category-politica-nacionales"},"_links":{"self":[{"href":"https:\/\/elpueblonoticia.com.ar\/web\/wp-json\/wp\/v2\/posts\/2896","targetHints":{"allow":["GET"]}}],"collection":[{"href":"https:\/\/elpueblonoticia.com.ar\/web\/wp-json\/wp\/v2\/posts"}],"about":[{"href":"https:\/\/elpueblonoticia.com.ar\/web\/wp-json\/wp\/v2\/types\/post"}],"author":[{"embeddable":true,"href":"https:\/\/elpueblonoticia.com.ar\/web\/wp-json\/wp\/v2\/users\/2"}],"replies":[{"embeddable":true,"href":"https:\/\/elpueblonoticia.com.ar\/web\/wp-json\/wp\/v2\/comments?post=2896"}],"version-history":[{"count":0,"href":"https:\/\/elpueblonoticia.com.ar\/web\/wp-json\/wp\/v2\/posts\/2896\/revisions"}],"wp:featuredmedia":[{"embeddable":true,"href":"https:\/\/elpueblonoticia.com.ar\/web\/wp-json\/wp\/v2\/media\/2897"}],"wp:attachment":[{"href":"https:\/\/elpueblonoticia.com.ar\/web\/wp-json\/wp\/v2\/media?parent=2896"}],"wp:term":[{"taxonomy":"category","embeddable":true,"href":"https:\/\/elpueblonoticia.com.ar\/web\/wp-json\/wp\/v2\/categories?post=2896"},{"taxonomy":"post_tag","embeddable":true,"href":"https:\/\/elpueblonoticia.com.ar\/web\/wp-json\/wp\/v2\/tags?post=2896"}],"curies":[{"name":"wp","href":"https:\/\/api.w.org\/{rel}","templated":true}]}}