{"id":2883,"date":"2025-10-31T09:47:04","date_gmt":"2025-10-31T12:47:04","guid":{"rendered":"https:\/\/elpueblonoticia.com.ar\/web\/?p=2883"},"modified":"2025-10-31T09:47:04","modified_gmt":"2025-10-31T12:47:04","slug":"mes-de-la-plena-inclusion-6","status":"publish","type":"post","link":"https:\/\/elpueblonoticia.com.ar\/web\/2025\/10\/31\/mes-de-la-plena-inclusion-6\/","title":{"rendered":"MES DE LA PLENA INCLUSI\u00d3N"},"content":{"rendered":"<p data-olk-copy-source=\"MessageBody\">\n<p data-olk-copy-source=\"MessageBody\"><img loading=\"lazy\" decoding=\"async\" class=\"alignnone size-medium wp-image-2885\" src=\"https:\/\/elpueblonoticia.com.ar\/web\/wp-content\/uploads\/2025\/10\/MATINE-DE-APIPE-EN-BOICOT-1-250x300.jpg\" alt=\"\" width=\"250\" height=\"300\" srcset=\"https:\/\/elpueblonoticia.com.ar\/web\/wp-content\/uploads\/2025\/10\/MATINE-DE-APIPE-EN-BOICOT-1-250x300.jpg 250w, https:\/\/elpueblonoticia.com.ar\/web\/wp-content\/uploads\/2025\/10\/MATINE-DE-APIPE-EN-BOICOT-1-854x1024.jpg 854w, https:\/\/elpueblonoticia.com.ar\/web\/wp-content\/uploads\/2025\/10\/MATINE-DE-APIPE-EN-BOICOT-1-768x921.jpg 768w, https:\/\/elpueblonoticia.com.ar\/web\/wp-content\/uploads\/2025\/10\/MATINE-DE-APIPE-EN-BOICOT-1-1281x1536.jpg 1281w, https:\/\/elpueblonoticia.com.ar\/web\/wp-content\/uploads\/2025\/10\/MATINE-DE-APIPE-EN-BOICOT-1-350x420.jpg 350w, https:\/\/elpueblonoticia.com.ar\/web\/wp-content\/uploads\/2025\/10\/MATINE-DE-APIPE-EN-BOICOT-1-696x835.jpg 696w, https:\/\/elpueblonoticia.com.ar\/web\/wp-content\/uploads\/2025\/10\/MATINE-DE-APIPE-EN-BOICOT-1-1068x1281.jpg 1068w, https:\/\/elpueblonoticia.com.ar\/web\/wp-content\/uploads\/2025\/10\/MATINE-DE-APIPE-EN-BOICOT-1.jpg 1334w\" sizes=\"auto, (max-width: 250px) 100vw, 250px\" \/><img loading=\"lazy\" decoding=\"async\" class=\"alignnone size-medium wp-image-2886\" src=\"https:\/\/elpueblonoticia.com.ar\/web\/wp-content\/uploads\/2025\/10\/MATINE-DE-APIPE-EN-BOICOT-2-225x300.jpg\" alt=\"\" width=\"225\" height=\"300\" srcset=\"https:\/\/elpueblonoticia.com.ar\/web\/wp-content\/uploads\/2025\/10\/MATINE-DE-APIPE-EN-BOICOT-2-225x300.jpg 225w, https:\/\/elpueblonoticia.com.ar\/web\/wp-content\/uploads\/2025\/10\/MATINE-DE-APIPE-EN-BOICOT-2-768x1024.jpg 768w, https:\/\/elpueblonoticia.com.ar\/web\/wp-content\/uploads\/2025\/10\/MATINE-DE-APIPE-EN-BOICOT-2-1152x1536.jpg 1152w, https:\/\/elpueblonoticia.com.ar\/web\/wp-content\/uploads\/2025\/10\/MATINE-DE-APIPE-EN-BOICOT-2-315x420.jpg 315w, https:\/\/elpueblonoticia.com.ar\/web\/wp-content\/uploads\/2025\/10\/MATINE-DE-APIPE-EN-BOICOT-2-696x928.jpg 696w, https:\/\/elpueblonoticia.com.ar\/web\/wp-content\/uploads\/2025\/10\/MATINE-DE-APIPE-EN-BOICOT-2-1068x1424.jpg 1068w, https:\/\/elpueblonoticia.com.ar\/web\/wp-content\/uploads\/2025\/10\/MATINE-DE-APIPE-EN-BOICOT-2.jpg 1200w\" sizes=\"auto, (max-width: 225px) 100vw, 225px\" \/><img loading=\"lazy\" decoding=\"async\" class=\"alignnone size-medium wp-image-2887\" src=\"https:\/\/elpueblonoticia.com.ar\/web\/wp-content\/uploads\/2025\/10\/MATINE-DE-APIPE-EN-BOICOT-4-283x300.jpg\" alt=\"\" width=\"283\" height=\"300\" srcset=\"https:\/\/elpueblonoticia.com.ar\/web\/wp-content\/uploads\/2025\/10\/MATINE-DE-APIPE-EN-BOICOT-4-283x300.jpg 283w, https:\/\/elpueblonoticia.com.ar\/web\/wp-content\/uploads\/2025\/10\/MATINE-DE-APIPE-EN-BOICOT-4-965x1024.jpg 965w, https:\/\/elpueblonoticia.com.ar\/web\/wp-content\/uploads\/2025\/10\/MATINE-DE-APIPE-EN-BOICOT-4-768x815.jpg 768w, https:\/\/elpueblonoticia.com.ar\/web\/wp-content\/uploads\/2025\/10\/MATINE-DE-APIPE-EN-BOICOT-4-1448x1536.jpg 1448w, https:\/\/elpueblonoticia.com.ar\/web\/wp-content\/uploads\/2025\/10\/MATINE-DE-APIPE-EN-BOICOT-4-396x420.jpg 396w, https:\/\/elpueblonoticia.com.ar\/web\/wp-content\/uploads\/2025\/10\/MATINE-DE-APIPE-EN-BOICOT-4-696x738.jpg 696w, https:\/\/elpueblonoticia.com.ar\/web\/wp-content\/uploads\/2025\/10\/MATINE-DE-APIPE-EN-BOICOT-4-1068x1133.jpg 1068w, https:\/\/elpueblonoticia.com.ar\/web\/wp-content\/uploads\/2025\/10\/MATINE-DE-APIPE-EN-BOICOT-4.jpg 1508w\" sizes=\"auto, (max-width: 283px) 100vw, 283px\" \/><img loading=\"lazy\" decoding=\"async\" class=\"alignnone size-medium wp-image-2888\" src=\"https:\/\/elpueblonoticia.com.ar\/web\/wp-content\/uploads\/2025\/10\/MATINE-DE-APIPE-EN-BOICOT-3-248x300.jpg\" alt=\"\" width=\"248\" height=\"300\" srcset=\"https:\/\/elpueblonoticia.com.ar\/web\/wp-content\/uploads\/2025\/10\/MATINE-DE-APIPE-EN-BOICOT-3-248x300.jpg 248w, https:\/\/elpueblonoticia.com.ar\/web\/wp-content\/uploads\/2025\/10\/MATINE-DE-APIPE-EN-BOICOT-3-848x1024.jpg 848w, https:\/\/elpueblonoticia.com.ar\/web\/wp-content\/uploads\/2025\/10\/MATINE-DE-APIPE-EN-BOICOT-3-768x927.jpg 768w, https:\/\/elpueblonoticia.com.ar\/web\/wp-content\/uploads\/2025\/10\/MATINE-DE-APIPE-EN-BOICOT-3-348x420.jpg 348w, https:\/\/elpueblonoticia.com.ar\/web\/wp-content\/uploads\/2025\/10\/MATINE-DE-APIPE-EN-BOICOT-3-696x840.jpg 696w, https:\/\/elpueblonoticia.com.ar\/web\/wp-content\/uploads\/2025\/10\/MATINE-DE-APIPE-EN-BOICOT-3.jpg 1060w\" sizes=\"auto, (max-width: 248px) 100vw, 248px\" \/><img loading=\"lazy\" decoding=\"async\" class=\"alignnone size-medium wp-image-2889\" src=\"https:\/\/elpueblonoticia.com.ar\/web\/wp-content\/uploads\/2025\/10\/MATINE-DE-APIPE-EN-BOICOT-5-300x225.jpg\" alt=\"\" width=\"300\" height=\"225\" srcset=\"https:\/\/elpueblonoticia.com.ar\/web\/wp-content\/uploads\/2025\/10\/MATINE-DE-APIPE-EN-BOICOT-5-300x225.jpg 300w, https:\/\/elpueblonoticia.com.ar\/web\/wp-content\/uploads\/2025\/10\/MATINE-DE-APIPE-EN-BOICOT-5-1024x768.jpg 1024w, https:\/\/elpueblonoticia.com.ar\/web\/wp-content\/uploads\/2025\/10\/MATINE-DE-APIPE-EN-BOICOT-5-768x576.jpg 768w, https:\/\/elpueblonoticia.com.ar\/web\/wp-content\/uploads\/2025\/10\/MATINE-DE-APIPE-EN-BOICOT-5-560x420.jpg 560w, https:\/\/elpueblonoticia.com.ar\/web\/wp-content\/uploads\/2025\/10\/MATINE-DE-APIPE-EN-BOICOT-5-80x60.jpg 80w, https:\/\/elpueblonoticia.com.ar\/web\/wp-content\/uploads\/2025\/10\/MATINE-DE-APIPE-EN-BOICOT-5-696x522.jpg 696w, https:\/\/elpueblonoticia.com.ar\/web\/wp-content\/uploads\/2025\/10\/MATINE-DE-APIPE-EN-BOICOT-5-1068x801.jpg 1068w, https:\/\/elpueblonoticia.com.ar\/web\/wp-content\/uploads\/2025\/10\/MATINE-DE-APIPE-EN-BOICOT-5-265x198.jpg 265w, https:\/\/elpueblonoticia.com.ar\/web\/wp-content\/uploads\/2025\/10\/MATINE-DE-APIPE-EN-BOICOT-5.jpg 1280w\" sizes=\"auto, (max-width: 300px) 100vw, 300px\" \/><\/p>\n<p class=\"x_MsoNormal\" data-olk-copy-source=\"MessageBody\">En la continuidad de las actividades programadas por instituciones y centros terap\u00e9uticos como parte del Mes de la Plena Inclusi\u00f3n, en la ma\u00f1ana del jueves se llev\u00f3 adelante el encuentro bailable en un conocido boliche de la ciudad.<\/p>\n<p class=\"x_MsoNormal\" aria-hidden=\"true\">\n<p class=\"x_MsoNormal\">APIPE tuvo la responsabilidad de organizar como en ediciones anteriores, la convocatoria a la Matin\u00e9 Bailable, en esta oportunidad el encuentro se desarroll\u00f3 en Boicot, del cual han participado adem\u00e1s de los que asisten a esa instituci\u00f3n, se ha extendido la invitaci\u00f3n a los distintos centros terap\u00e9uticos incluido el equipo de la Coordinaci\u00f3n de Discapacidad, disfrutando de m\u00fasica, baile y refrigerio.<\/p>\n<p class=\"x_MsoNormal\" aria-hidden=\"true\">\n<p class=\"x_MsoNormal\">La jornada bailable y recreativa se efectu\u00f3 desde las 9 horas, prolongandose hasta cerca del mediod\u00eda del mi\u00e9rcoles, generando un gran clima de alegr\u00eda, entre los participantes, logrando con el objetivo propuesto por parte de la entidad organizadora, de disfrutar y compartir ese momento.<\/p>\n<p class=\"x_MsoNormal\" aria-hidden=\"true\">\n<p class=\"x_MsoNormal\">Llegando al final del mes de octubre la Coordinaci\u00f3n de Discapacidad, destaca el trabajo de todas las instituciones que trabajan con personas con discapacidad, reafirmando las acciones articuladas para lograr la construcci\u00f3n de una sociedad con igualdad de oportunidades, con mayor y plena inclusi\u00f3n<\/p>\n","protected":false},"excerpt":{"rendered":"<p>En la continuidad de las actividades programadas por instituciones y centros terap\u00e9uticos como parte del Mes de la Plena Inclusi\u00f3n, en la ma\u00f1ana del jueves se llev\u00f3 adelante el encuentro bailable en un conocido boliche de la ciudad. APIPE tuvo la responsabilidad de organizar como en ediciones anteriores, la convocatoria a la Matin\u00e9 Bailable, en [&hellip;]<\/p>\n","protected":false},"author":2,"featured_media":2884,"comment_status":"open","ping_status":"open","sticky":false,"template":"","format":"standard","meta":{"footnotes":""},"categories":[56],"tags":[],"class_list":{"0":"post-2883","1":"post","2":"type-post","3":"status-publish","4":"format-standard","5":"has-post-thumbnail","7":"category-locales"},"_links":{"self":[{"href":"https:\/\/elpueblonoticia.com.ar\/web\/wp-json\/wp\/v2\/posts\/2883","targetHints":{"allow":["GET"]}}],"collection":[{"href":"https:\/\/elpueblonoticia.com.ar\/web\/wp-json\/wp\/v2\/posts"}],"about":[{"href":"https:\/\/elpueblonoticia.com.ar\/web\/wp-json\/wp\/v2\/types\/post"}],"author":[{"embeddable":true,"href":"https:\/\/elpueblonoticia.com.ar\/web\/wp-json\/wp\/v2\/users\/2"}],"replies":[{"embeddable":true,"href":"https:\/\/elpueblonoticia.com.ar\/web\/wp-json\/wp\/v2\/comments?post=2883"}],"version-history":[{"count":0,"href":"https:\/\/elpueblonoticia.com.ar\/web\/wp-json\/wp\/v2\/posts\/2883\/revisions"}],"wp:featuredmedia":[{"embeddable":true,"href":"https:\/\/elpueblonoticia.com.ar\/web\/wp-json\/wp\/v2\/media\/2884"}],"wp:attachment":[{"href":"https:\/\/elpueblonoticia.com.ar\/web\/wp-json\/wp\/v2\/media?parent=2883"}],"wp:term":[{"taxonomy":"category","embeddable":true,"href":"https:\/\/elpueblonoticia.com.ar\/web\/wp-json\/wp\/v2\/categories?post=2883"},{"taxonomy":"post_tag","embeddable":true,"href":"https:\/\/elpueblonoticia.com.ar\/web\/wp-json\/wp\/v2\/tags?post=2883"}],"curies":[{"name":"wp","href":"https:\/\/api.w.org\/{rel}","templated":true}]}}