{"id":2850,"date":"2025-10-31T08:19:45","date_gmt":"2025-10-31T11:19:45","guid":{"rendered":"https:\/\/elpueblonoticia.com.ar\/web\/?p=2850"},"modified":"2025-10-31T08:19:45","modified_gmt":"2025-10-31T11:19:45","slug":"valdes-participo-de-la-reunion-de-gobernadores-con-milei-donde-planteo-temas-de-interes-para-los-correntinos","status":"publish","type":"post","link":"https:\/\/elpueblonoticia.com.ar\/web\/2025\/10\/31\/valdes-participo-de-la-reunion-de-gobernadores-con-milei-donde-planteo-temas-de-interes-para-los-correntinos\/","title":{"rendered":"Vald\u00e9s particip\u00f3 de la reuni\u00f3n de gobernadores con Milei, donde plante\u00f3 temas de inter\u00e9s para los correntinos"},"content":{"rendered":"<p><strong>Nacionales<\/strong><\/p>\n<p>31 de Octubre de 2025<\/p>\n<h3>El gobernador Gustavo Vald\u00e9s particip\u00f3 este jueves junto a 18 de sus pares, de la reuni\u00f3n de trabajo convocada por el presidente Javier Milei en Casa Rosada.<\/h3>\n<div>El primer Mandatario inform\u00f3 que se abordaron distintos temas que ata\u00f1en a Argentina y a las provincias, y en ese marco\u00a0<b><i>\u201cplanteamos\u201d<\/i><\/b>\u00a0cuestiones de inter\u00e9s exclusivo de los correntinos.<\/div>\n<div><\/div>\n<div><i><b>\u201cAs\u00ed como el Presidente de la Naci\u00f3n expuso sus propuestas de leyes para impulsar la agenda de cambios que quiere llevar adelante, desde Corrientes planteamos los siguientes temas\u201d<\/b><\/i>, comunic\u00f3 Vald\u00e9s en sus redes sociales.<\/div>\n<div><\/div>\n<div>En primer lugar, la compensaci\u00f3n de las cajas de jubilaci\u00f3n; y seguidamente, pidi\u00f3 por\u00a0<i><b>\u201cla reactivaci\u00f3n de las obras p\u00fablicas nacionales que fueron acordadas mediante un convenio firmado el 11 de julio de 2024 con el Jefe de Gabinete\u201d<\/b><\/i>, Guillermo Francos.<\/div>\n<div>\n<div>A modo de balance, el Gobernador coment\u00f3 que\u00a0<i><b>\u201chay predisposici\u00f3n para avanzar, conjuntamente, en las transformaciones que el pa\u00eds necesita\u201d<\/b><\/i>, aunque\u00a0<i><b>\u201cpara ello necesitamos m\u00e1s di\u00e1logo, pero tambi\u00e9n m\u00e1s hechos, porque es lo que los argentinos nos demandan\u201d<\/b><\/i>, agreg\u00f3.<\/div>\n<div><\/div>\n<div>Adem\u00e1s del presidente Milei, estuvieron presentes por el Gabinete nacional, los ministros de Seguridad, Patricia Bullrich; de Defensa, Luis Petri; Desregulaci\u00f3n y Transformaci\u00f3n del Estado, Federico Sturzenegger; de Justicia, Mariano C\u00faneo Libarona; Capital Humano, Sandra Pettovello; de Salud, Mario Lugones; el canciller, Pablo Quirno; y la secretaria general de Presidencia, Karina Milei, entre otros.<\/div>\n<\/div>\n","protected":false},"excerpt":{"rendered":"<p>Nacionales 31 de Octubre de 2025 El gobernador Gustavo Vald\u00e9s particip\u00f3 este jueves junto a 18 de sus pares, de la reuni\u00f3n de trabajo convocada por el presidente Javier Milei en Casa Rosada. El primer Mandatario inform\u00f3 que se abordaron distintos temas que ata\u00f1en a Argentina y a las provincias, y en ese marco\u00a0\u201cplanteamos\u201d\u00a0cuestiones de [&hellip;]<\/p>\n","protected":false},"author":2,"featured_media":2851,"comment_status":"open","ping_status":"open","sticky":false,"template":"","format":"standard","meta":{"footnotes":""},"categories":[66],"tags":[],"class_list":{"0":"post-2850","1":"post","2":"type-post","3":"status-publish","4":"format-standard","5":"has-post-thumbnail","7":"category-politica-nacionales"},"_links":{"self":[{"href":"https:\/\/elpueblonoticia.com.ar\/web\/wp-json\/wp\/v2\/posts\/2850","targetHints":{"allow":["GET"]}}],"collection":[{"href":"https:\/\/elpueblonoticia.com.ar\/web\/wp-json\/wp\/v2\/posts"}],"about":[{"href":"https:\/\/elpueblonoticia.com.ar\/web\/wp-json\/wp\/v2\/types\/post"}],"author":[{"embeddable":true,"href":"https:\/\/elpueblonoticia.com.ar\/web\/wp-json\/wp\/v2\/users\/2"}],"replies":[{"embeddable":true,"href":"https:\/\/elpueblonoticia.com.ar\/web\/wp-json\/wp\/v2\/comments?post=2850"}],"version-history":[{"count":0,"href":"https:\/\/elpueblonoticia.com.ar\/web\/wp-json\/wp\/v2\/posts\/2850\/revisions"}],"wp:featuredmedia":[{"embeddable":true,"href":"https:\/\/elpueblonoticia.com.ar\/web\/wp-json\/wp\/v2\/media\/2851"}],"wp:attachment":[{"href":"https:\/\/elpueblonoticia.com.ar\/web\/wp-json\/wp\/v2\/media?parent=2850"}],"wp:term":[{"taxonomy":"category","embeddable":true,"href":"https:\/\/elpueblonoticia.com.ar\/web\/wp-json\/wp\/v2\/categories?post=2850"},{"taxonomy":"post_tag","embeddable":true,"href":"https:\/\/elpueblonoticia.com.ar\/web\/wp-json\/wp\/v2\/tags?post=2850"}],"curies":[{"name":"wp","href":"https:\/\/api.w.org\/{rel}","templated":true}]}}