{"id":2840,"date":"2025-10-31T08:09:17","date_gmt":"2025-10-31T11:09:17","guid":{"rendered":"https:\/\/elpueblonoticia.com.ar\/web\/?p=2840"},"modified":"2025-10-31T08:09:17","modified_gmt":"2025-10-31T11:09:17","slug":"viernes-31-10-corte-de-energia-en-paso-de-los-libres","status":"publish","type":"post","link":"https:\/\/elpueblonoticia.com.ar\/web\/2025\/10\/31\/viernes-31-10-corte-de-energia-en-paso-de-los-libres\/","title":{"rendered":"Viernes 31\/10, corte de energ\u00eda en Paso de los Libres"},"content":{"rendered":"<p><strong>Locales<\/strong><\/p>\n<p>31 de Octubre de 2025<\/p>\n<p><strong>Ser\u00e1 en el horario de 8 a 11; afectando al Complejo Terminal de Cargas (COTECAR), a la Aduana, al barrio de oficiales del Ej\u00e9rcito \u201cGeneral San Mart\u00edn\u201d, e inmediaciones.<\/strong><\/p>\n<p>Con el objetivo de mejorar la calidad y confiabilidad del servicio el\u00e9ctrico, operarios de la Direcci\u00f3n Provincial de Energ\u00eda de Corrientes (DPEC) llevar\u00e1n a cabo, el viernes 31 de octubre, trabajos de mantenimiento y poda sobre L\u00edneas de Media Tensi\u00f3n (LMT) en Paso de los Libres.<\/p>\n<p>Por tal motivo, se program\u00f3 la interrupci\u00f3n temporal en el suministro de energ\u00eda el\u00e9ctrica, de 8 horas a 11 horas; afectando al Complejo Terminal de Cargas (COTECAR), a la Aduana, al barrio de oficiales del Ej\u00e9rcito \u201cGeneral San Mart\u00edn\u201d, y zonas aleda\u00f1as.<\/p>\n","protected":false},"excerpt":{"rendered":"<p>Locales 31 de Octubre de 2025 Ser\u00e1 en el horario de 8 a 11; afectando al Complejo Terminal de Cargas (COTECAR), a la Aduana, al barrio de oficiales del Ej\u00e9rcito \u201cGeneral San Mart\u00edn\u201d, e inmediaciones. Con el objetivo de mejorar la calidad y confiabilidad del servicio el\u00e9ctrico, operarios de la Direcci\u00f3n Provincial de Energ\u00eda de [&hellip;]<\/p>\n","protected":false},"author":2,"featured_media":2841,"comment_status":"open","ping_status":"open","sticky":false,"template":"","format":"standard","meta":{"footnotes":""},"categories":[77],"tags":[],"class_list":{"0":"post-2840","1":"post","2":"type-post","3":"status-publish","4":"format-standard","5":"has-post-thumbnail","7":"category-paso-de-los-libres"},"_links":{"self":[{"href":"https:\/\/elpueblonoticia.com.ar\/web\/wp-json\/wp\/v2\/posts\/2840","targetHints":{"allow":["GET"]}}],"collection":[{"href":"https:\/\/elpueblonoticia.com.ar\/web\/wp-json\/wp\/v2\/posts"}],"about":[{"href":"https:\/\/elpueblonoticia.com.ar\/web\/wp-json\/wp\/v2\/types\/post"}],"author":[{"embeddable":true,"href":"https:\/\/elpueblonoticia.com.ar\/web\/wp-json\/wp\/v2\/users\/2"}],"replies":[{"embeddable":true,"href":"https:\/\/elpueblonoticia.com.ar\/web\/wp-json\/wp\/v2\/comments?post=2840"}],"version-history":[{"count":0,"href":"https:\/\/elpueblonoticia.com.ar\/web\/wp-json\/wp\/v2\/posts\/2840\/revisions"}],"wp:featuredmedia":[{"embeddable":true,"href":"https:\/\/elpueblonoticia.com.ar\/web\/wp-json\/wp\/v2\/media\/2841"}],"wp:attachment":[{"href":"https:\/\/elpueblonoticia.com.ar\/web\/wp-json\/wp\/v2\/media?parent=2840"}],"wp:term":[{"taxonomy":"category","embeddable":true,"href":"https:\/\/elpueblonoticia.com.ar\/web\/wp-json\/wp\/v2\/categories?post=2840"},{"taxonomy":"post_tag","embeddable":true,"href":"https:\/\/elpueblonoticia.com.ar\/web\/wp-json\/wp\/v2\/tags?post=2840"}],"curies":[{"name":"wp","href":"https:\/\/api.w.org\/{rel}","templated":true}]}}