{"id":2744,"date":"2025-10-29T20:15:29","date_gmt":"2025-10-29T23:15:29","guid":{"rendered":"https:\/\/elpueblonoticia.com.ar\/web\/?p=2744"},"modified":"2025-10-29T20:15:29","modified_gmt":"2025-10-29T23:15:29","slug":"otra-vez-gases-y-represion-contra-los-jubilados-en-el-congreso","status":"publish","type":"post","link":"https:\/\/elpueblonoticia.com.ar\/web\/2025\/10\/29\/otra-vez-gases-y-represion-contra-los-jubilados-en-el-congreso\/","title":{"rendered":"Otra vez gases y represi\u00f3n contra los jubilados en el Congreso"},"content":{"rendered":"<p><strong>Jubilados<\/strong><\/p>\n<p>29 de Octubre de 2025<\/p>\n<p>Otra vez, mi\u00e9rcoles y represi\u00f3n.<b>\u00a0Los jubilados que desde hace meses se concentran frente al Congreso<\/b>\u00a0para exigir aumentos en sus haberes, medicamentos y dignidad volvieron a encontrarse con un muro verde oliva. Esta vez, el operativo de seguridad ordenado por la ministra de Seguridad,\u00a0<b>Patricia Bullrich<\/b>\u00a0triplic\u00f3 en n\u00famero a los manifestantes.<\/p>\n<p data-t=\"{&quot;n&quot;:&quot;blueLinks&quot;,&quot;t&quot;:13,&quot;a&quot;:&quot;click&quot;,&quot;b&quot;:76}\">Desde temprano, camionetas de Gendarmer\u00eda y efectivos de la Polic\u00eda Federal vallaron la Avenida Rivadavia entre Callao y Entre R\u00edos. Un triple cord\u00f3n de seguridad cerc\u00f3 el Congreso, impidiendo incluso el paso de transe\u00fantes y periodistas. En la zona, m\u00e1s parec\u00eda haber un desfile de fuerzas que una protesta de jubilados.<\/p>\n<div class=\"iframely-embed medium-embedded-content\"><a href=\"https:\/\/geo.dailymotion.com\/player\/xt5ee.html?video=x9sw44a\" target=\"_blank\" rel=\"noopener\" data-t=\"{&quot;n&quot;:&quot;destination&quot;,&quot;t&quot;:13,&quot;a&quot;:&quot;click&quot;,&quot;b&quot;:1,&quot;c.t&quot;:7}\">https:\/\/geo.dailymotion.com\/player\/xt5ee.html?video=x9sw44a<\/a><\/div>\n<p class=\"continue-read-break\" data-t=\"{&quot;n&quot;:&quot;blueLinks&quot;,&quot;t&quot;:13,&quot;a&quot;:&quot;click&quot;,&quot;b&quot;:76}\">\u201cLlegan Prefectura, Gendarmer\u00eda y Polic\u00eda Federal\u201d, gritaban los manifestantes, repitiendo una escena que se volvi\u00f3 costumbre. Entre bastones, pancartas y banderas, el reclamo fue el mismo:\u00a0<b>\u201cQueremos cobrar para vivir, no sobrevivir\u201d.<\/b><\/p>\n<p data-t=\"{&quot;n&quot;:&quot;blueLinks&quot;,&quot;t&quot;:13,&quot;a&quot;:&quot;click&quot;,&quot;b&quot;:76}\">Hacia las 15.30, un grupo de jubilados tir\u00f3 parte de las vallas que bloqueaban la avenida. La respuesta fue inmediata: efectivos de la Polic\u00eda de la Ciudad reforzaron el operativo, aunque no avanzaron sobre los manifestantes. No hubo dispersi\u00f3n, pero s\u00ed un mensaje claro,\u00a0<b>el espacio p\u00fablico est\u00e1 militarizado.<\/b><\/p>\n<p data-t=\"{&quot;n&quot;:&quot;blueLinks&quot;,&quot;t&quot;:13,&quot;a&quot;:&quot;click&quot;,&quot;b&quot;:76}\">El gobierno nacional sostiene la aplicaci\u00f3n estricta del protocolo antipiquetes, incluso frente a las marchas m\u00e1s pac\u00edficas.\u00a0<b>\u201cNos tratan como delincuentes por pedir lo que nos corresponde\u201d<\/b>, denunci\u00f3 uno de los jubilados, extrabajador ferroviario, que participa de la ronda cada semana.<\/p>\n<p data-t=\"{&quot;n&quot;:&quot;blueLinks&quot;,&quot;t&quot;:13,&quot;a&quot;:&quot;click&quot;,&quot;b&quot;:76}\">Mientras los haberes m\u00ednimos rondan los 300 mil pesos y la canasta b\u00e1sica supera el mill\u00f3n de pesos, el ajuste se siente con crudeza. \u201c<b>Los mi\u00e9rcoles nos reprimen, pero volvemos igual\u201d<\/b>, dijo otra manifestante, alzando su cartel.<\/p>\n","protected":false},"excerpt":{"rendered":"<p>Jubilados 29 de Octubre de 2025 Otra vez, mi\u00e9rcoles y represi\u00f3n.\u00a0Los jubilados que desde hace meses se concentran frente al Congreso\u00a0para exigir aumentos en sus haberes, medicamentos y dignidad volvieron a encontrarse con un muro verde oliva. Esta vez, el operativo de seguridad ordenado por la ministra de Seguridad,\u00a0Patricia Bullrich\u00a0triplic\u00f3 en n\u00famero a los manifestantes. [&hellip;]<\/p>\n","protected":false},"author":2,"featured_media":2745,"comment_status":"open","ping_status":"open","sticky":false,"template":"","format":"standard","meta":{"footnotes":""},"categories":[64],"tags":[],"class_list":{"0":"post-2744","1":"post","2":"type-post","3":"status-publish","4":"format-standard","5":"has-post-thumbnail","7":"category-nacionales"},"_links":{"self":[{"href":"https:\/\/elpueblonoticia.com.ar\/web\/wp-json\/wp\/v2\/posts\/2744","targetHints":{"allow":["GET"]}}],"collection":[{"href":"https:\/\/elpueblonoticia.com.ar\/web\/wp-json\/wp\/v2\/posts"}],"about":[{"href":"https:\/\/elpueblonoticia.com.ar\/web\/wp-json\/wp\/v2\/types\/post"}],"author":[{"embeddable":true,"href":"https:\/\/elpueblonoticia.com.ar\/web\/wp-json\/wp\/v2\/users\/2"}],"replies":[{"embeddable":true,"href":"https:\/\/elpueblonoticia.com.ar\/web\/wp-json\/wp\/v2\/comments?post=2744"}],"version-history":[{"count":0,"href":"https:\/\/elpueblonoticia.com.ar\/web\/wp-json\/wp\/v2\/posts\/2744\/revisions"}],"wp:featuredmedia":[{"embeddable":true,"href":"https:\/\/elpueblonoticia.com.ar\/web\/wp-json\/wp\/v2\/media\/2745"}],"wp:attachment":[{"href":"https:\/\/elpueblonoticia.com.ar\/web\/wp-json\/wp\/v2\/media?parent=2744"}],"wp:term":[{"taxonomy":"category","embeddable":true,"href":"https:\/\/elpueblonoticia.com.ar\/web\/wp-json\/wp\/v2\/categories?post=2744"},{"taxonomy":"post_tag","embeddable":true,"href":"https:\/\/elpueblonoticia.com.ar\/web\/wp-json\/wp\/v2\/tags?post=2744"}],"curies":[{"name":"wp","href":"https:\/\/api.w.org\/{rel}","templated":true}]}}