{"id":2739,"date":"2025-10-29T12:39:28","date_gmt":"2025-10-29T15:39:28","guid":{"rendered":"https:\/\/elpueblonoticia.com.ar\/web\/?p=2739"},"modified":"2025-10-29T12:39:28","modified_gmt":"2025-10-29T15:39:28","slug":"segun-indec-los-salarios-le-ganaron-a-la-inflacion-en-agosto","status":"publish","type":"post","link":"https:\/\/elpueblonoticia.com.ar\/web\/2025\/10\/29\/segun-indec-los-salarios-le-ganaron-a-la-inflacion-en-agosto\/","title":{"rendered":"Seg\u00fan INDEC, los salarios le ganaron a la inflaci\u00f3n en agosto"},"content":{"rendered":"<p><strong>El Indec inform\u00f3 que en agosto los salarios subieron 3,2% frente al 1,9% de inflaci\u00f3n registrado ese mismo mes. Los salarios informales crecieron 6% y los privados registrados 2,2%<\/strong><\/p>\n<p>&nbsp;<\/p>\n<section class=\"detail-body first-paragraph\">\n<section class=\"body-content note-body content-protected-false\" data-twitter-link=\"&lt;a href=\">\nEl Instituto Nacional de Estad\u00edstica y Censos (Indec) inform\u00f3 ayer que<strong>\u00a0en agosto los salarios crecieron 3,2%, muy por encima de la inflaci\u00f3n registrada ese mismo mes que fue del 1,9%<\/strong>. En el desagregado del \u00cdndice de Salarios, el Indec advirti\u00f3 que fue el sector privado no registrado el que impuls\u00f3 con fuerza el aumento al registrar una suba del 6%.<\/p>\n<\/section>\n<\/section>\n<section class=\"detail-body second-paragraph\">\n<section class=\"body-content note-body content-protected-false\">Muy atr\u00e1s quedaron, aunque tambi\u00e9n levemente por encima de la inflaci\u00f3n, los salarios del sector privado registrado (2,2%) y del Sector P\u00fablico (2,8%). As\u00ed, los salarios registrados que incluyen privados y p\u00fablicos, escalaron 2,4% promedio en agosto. As\u00ed y todo, acumulan una ca\u00edda del 4,74% frente a la inflaci\u00f3n acumulada desde noviembre de 2023, momento en el que asumi\u00f3 su cargo Javier Milei. En el caso de los haberes p\u00fablicos acumulan una p\u00e9rdida de 13,22% desde noviembre 2023.<\/p>\n<p><img decoding=\"async\" src=\"https:\/\/media.minutouno.com\/p\/87d4995944943727c79cc2a733fb842e\/adjuntos\/150\/imagenes\/042\/901\/0042901339\/610x0\/smart\/grafico.jpg\" data-src=\"https:\/\/media.minutouno.com\/p\/87d4995944943727c79cc2a733fb842e\/adjuntos\/150\/imagenes\/042\/901\/0042901339\/610x0\/smart\/grafico.jpg\" \/><\/p>\n<section class=\"detail-body\">\n<section class=\"body-content note-body content-protected-false\">El dato de salarios del sector privado no registrado tiene un rezago de cinco meses, seg\u00fan la metodolog\u00eda del Indec. Con todo, el organismo mostr\u00f3 una recuperaci\u00f3n en las remuneraciones de este grupo de trabajadores.<\/p>\n<\/section>\n<\/section>\n<section class=\"detail-body\">\n<section class=\"body-content note-body content-protected-false\">Para el economista Federico Pastrana de CP-Consultores,\u00a0<span id=\"saysCMSEmphasis512sraerwh\" class=\"saysCMSEmphasis\">la tendencia de los salarios contin\u00faa siendo de &#8220;estancamiento&#8221;,<\/span>\u00a0ya que se mueve sin sobresaltos en los \u00faltimos meses.<\/p>\n<\/section>\n<\/section>\n<section class=\"detail-body\">\n<section class=\"body-content note-body content-protected-false\">En tanto, los p\u00fablicos, que fueron los que obtuvieron una mejora de 2,8% tambi\u00e9n mejoraron su poder adquisitivo, aunque son los m\u00e1s golpeados por las pol\u00edticas de\u00a0<strong>Javier Milei<\/strong>, no solo por la poda en el empleo estatal -que alcanz\u00f3 los 53.345 empleos (-10,6%) en julio- sino que ajust\u00f3 por el salario, que acumulan una ca\u00edda de 13,22%.<\/p>\n<p><img decoding=\"async\" src=\"https:\/\/media.minutouno.com\/p\/3e9f2220b3d1ca99a523057d47d0a19e\/adjuntos\/150\/imagenes\/042\/882\/0042882283\/salarios.jpg\" data-src=\"https:\/\/media.minutouno.com\/p\/3e9f2220b3d1ca99a523057d47d0a19e\/adjuntos\/150\/imagenes\/042\/882\/0042882283\/salarios.jpg\" \/><\/p>\n<p>Si miramos la fotograf\u00eda del 2025, los salarios privados muestran una ca\u00edda de 0,56%, ya que tuvieron un incremento del 18,8% frente a una inflaci\u00f3n acumulada del 19,5%. Los p\u00fablicos, por su parte, tuvieron una mejora este a\u00f1o, pero ven\u00edan de una fuerte ca\u00edda que alcanz\u00f3 el 14,5% en el primer a\u00f1o. En los primeros ocho meses de 2025, lograron un avance real de 2,5%.<\/p>\n<h2><strong>Salarios din\u00e1micos<\/strong><\/h2>\n<p>El Gobierno eval\u00faa una reforma laboral donde<span id=\"saysCMSEmphasiswaqe2ynae8\" class=\"saysCMSEmphasis\">\u00a0existir\u00eda una figura de &#8220;salario din\u00e1mico&#8221; que est\u00e1 atado al m\u00e9rito del trabajador y la productividad de cada empresa.<\/span><\/p>\n<p>Si bien se presenta como uno de los ejes centrales de la modernizaci\u00f3n laboral, los aumentos por m\u00e9rito de cada trabajador y la productividad actualmente existen, solo que los convenios colectivos funcionan como una red de contenci\u00f3n, evitando remuneraciones por debajo de lo pactado.<\/p>\n<p>Tal es as\u00ed que, la consultora CP explica que en los \u00faltimos meses el promedio de los aumentos de los 21 convenios colectivos de trabajo (CCT) el aumento pactados en paritarias quedaron por debajo de la inflaci\u00f3n en casi todos los meses de 2025, mientras que en el \u00edndice de salarios se observan aumentos por encima del IPC. El argumento fue que existen aumentos superiores a los previstos en las paritarias para los cargos jer\u00e1rquicos y en los sectores que atraviesan una mejor situaci\u00f3n.<\/p>\n<p>Entre otros puntos,<span id=\"saysCMSEmphasiszm6q6xnntsr\" class=\"saysCMSEmphasis\">\u00a0el Gobierno tambi\u00e9n analiza que el convenio de empresa tenga prioridad sobre el convenio de actividad, con &#8220;cl\u00e1usulas que se ajusten a las realidades de cada compa\u00f1\u00eda, sus trabajadores y la regi\u00f3n donde desarrolla su actividad econ\u00f3mica\u201d.\u00a0<\/span>Para esto, el ejecutivo promueve una &#8220;modernizaci\u00f3n laboral&#8221;.<\/p>\n<p>Tambi\u00e9n se estudia incluir la &#8220;digitalizaci\u00f3n de los procesos de registro&#8221;, &#8220;eliminaci\u00f3n de trabas burocr\u00e1ticas&#8221;, &#8220;libertad contractual para pagar sueldos en la moneda que se pacte&#8221; y la &#8220;implementaci\u00f3n de bancos de horas&#8221;.<\/p>\n<\/section>\n<\/section>\n<\/section>\n<\/section>\n","protected":false},"excerpt":{"rendered":"<p>El Indec inform\u00f3 que en agosto los salarios subieron 3,2% frente al 1,9% de inflaci\u00f3n registrado ese mismo mes. Los salarios informales crecieron 6% y los privados registrados 2,2% &nbsp; El Instituto Nacional de Estad\u00edstica y Censos (Indec) inform\u00f3 ayer que\u00a0en agosto los salarios crecieron 3,2%, muy por encima de la inflaci\u00f3n registrada ese mismo [&hellip;]<\/p>\n","protected":false},"author":2,"featured_media":2740,"comment_status":"open","ping_status":"open","sticky":false,"template":"","format":"standard","meta":{"footnotes":""},"categories":[65],"tags":[],"class_list":{"0":"post-2739","1":"post","2":"type-post","3":"status-publish","4":"format-standard","5":"has-post-thumbnail","7":"category-economia"},"_links":{"self":[{"href":"https:\/\/elpueblonoticia.com.ar\/web\/wp-json\/wp\/v2\/posts\/2739","targetHints":{"allow":["GET"]}}],"collection":[{"href":"https:\/\/elpueblonoticia.com.ar\/web\/wp-json\/wp\/v2\/posts"}],"about":[{"href":"https:\/\/elpueblonoticia.com.ar\/web\/wp-json\/wp\/v2\/types\/post"}],"author":[{"embeddable":true,"href":"https:\/\/elpueblonoticia.com.ar\/web\/wp-json\/wp\/v2\/users\/2"}],"replies":[{"embeddable":true,"href":"https:\/\/elpueblonoticia.com.ar\/web\/wp-json\/wp\/v2\/comments?post=2739"}],"version-history":[{"count":0,"href":"https:\/\/elpueblonoticia.com.ar\/web\/wp-json\/wp\/v2\/posts\/2739\/revisions"}],"wp:featuredmedia":[{"embeddable":true,"href":"https:\/\/elpueblonoticia.com.ar\/web\/wp-json\/wp\/v2\/media\/2740"}],"wp:attachment":[{"href":"https:\/\/elpueblonoticia.com.ar\/web\/wp-json\/wp\/v2\/media?parent=2739"}],"wp:term":[{"taxonomy":"category","embeddable":true,"href":"https:\/\/elpueblonoticia.com.ar\/web\/wp-json\/wp\/v2\/categories?post=2739"},{"taxonomy":"post_tag","embeddable":true,"href":"https:\/\/elpueblonoticia.com.ar\/web\/wp-json\/wp\/v2\/tags?post=2739"}],"curies":[{"name":"wp","href":"https:\/\/api.w.org\/{rel}","templated":true}]}}