{"id":2735,"date":"2025-10-29T12:24:24","date_gmt":"2025-10-29T15:24:24","guid":{"rendered":"https:\/\/elpueblonoticia.com.ar\/web\/?p=2735"},"modified":"2025-10-29T12:24:24","modified_gmt":"2025-10-29T15:24:24","slug":"quirno-asumio-como-nuevo-canciller-y-dijo-que-van-a-seguir-consolidando-la-relacion-con-ee-uu","status":"publish","type":"post","link":"https:\/\/elpueblonoticia.com.ar\/web\/2025\/10\/29\/quirno-asumio-como-nuevo-canciller-y-dijo-que-van-a-seguir-consolidando-la-relacion-con-ee-uu\/","title":{"rendered":"Quirno asumi\u00f3 como nuevo canciller y dijo que van a &#8220;seguir consolidando la relaci\u00f3n con EE.UU.&#8221;"},"content":{"rendered":"<p>NA &#8211; Su objetivo ser\u00e1 tambi\u00e9n profundizar \u201cla inserci\u00f3n internacional con mayor comercio e inversiones\u201d. Tras la ceremonia, Quirno dio unas palabras a los periodistas acreditados en la sede gubernamental, donde en primer lugar agradeci\u00f3 &#8220;la confianza del Presidente y todo el equipo&#8221;.<\/p>\n<p>Pablo Quirno asumi\u00f3 hoy como nuevo canciller, al prestar juramento ante el presidente Javier Milei, y remarc\u00f3 que desde su nuevo lugar buscar\u00e1 &#8220;seguir consolidando la relaci\u00f3n con los Estados Unidos&#8221; y profundizar &#8220;la inserci\u00f3n internacional con mayor comercio e inversiones&#8221;.<\/p>\n<p>El breve acto tuvo lugar en el Sal\u00f3n Blanco de la Casa Rosada, donde el ya ex secretario de Finanzas jur\u00f3 por &#8220;Dios, la Patria y los Santos Evangelios&#8221;. Lo hizo acompa\u00f1ado por su familia y sus nuevos pares, los ministros del Gabinete.<\/p>\n<p>Tras la ceremonia, Quirno dio unas palabras a los periodistas acreditados en la sede gubernamental, donde en primer lugar agradeci\u00f3 &#8220;la confianza del Presidente y todo el equipo&#8221;.<\/p>\n<p>El flamante jefe de la diplomacia argentina aclar\u00f3 que a\u00fan no design\u00f3 a su n\u00famero dos ni al resto del equipo que lo acompa\u00f1ar\u00e1. &#8220;Todav\u00eda no me he juntado con el equipo de Canciller\u00eda, estaba esperando la jura. Todo esto es bastante reciente&#8221;, sostuvo el funcionario cercano al ministro de Econom\u00eda, Luis Caputo.<\/p>\n<p>Consultado sobre los objetivos que se plante\u00f3 para su nueva funci\u00f3n, Quirno dijo que buscar\u00e1 &#8220;profundizar la agenda del Presidente en cuanto a la inserci\u00f3n internacional, con mayor comercio e inversiones&#8221;.<\/p>\n<p>&#8220;La Canciller\u00eda ha hecho un trabajo importante en estos 20 meses para insertar a la Argentina en el plano internacional y atraer inversiones. Con el respaldo de los resultados de las elecciones del domingo, todo esto se va a poder profundizar, sobre todo atraer inversiones a la Argentina&#8221;, se\u00f1al\u00f3.<\/p>\n<p>Adem\u00e1s fue consultado por el v\u00ednculo que se seguir\u00e1 con los Estados Unidos en medio de la estrecha relaci\u00f3n con la administraci\u00f3n de Donald Trump y por el viaje que har\u00e1 Milei a Miami la semana pr\u00f3xima para participar de una cumbre de l\u00edderes internacionales.<\/p>\n<p>&#8220;La agenda con Estados Unidos se consolida d\u00eda a d\u00eda, el Presidente ha tenido muchos viajes para cementar esa relaci\u00f3n. Vamos a seguir consolidando la relaci\u00f3n con los Estados Unidos&#8221;, plante\u00f3 al respecto.<\/p>\n<p>Por \u00faltimo, Quirno se refiri\u00f3 a su paso por la Secretar\u00eda de Finanzas: &#8220;Es un lugar muy querido, por all\u00ed ingresamos al gobierno tanto el ministro (de Econom\u00eda, Luis) Caputo como (el titular del Banco Central) Santiago Bausili&#8221;.<\/p>\n","protected":false},"excerpt":{"rendered":"<p>NA &#8211; Su objetivo ser\u00e1 tambi\u00e9n profundizar \u201cla inserci\u00f3n internacional con mayor comercio e inversiones\u201d. Tras la ceremonia, Quirno dio unas palabras a los periodistas acreditados en la sede gubernamental, donde en primer lugar agradeci\u00f3 &#8220;la confianza del Presidente y todo el equipo&#8221;. Pablo Quirno asumi\u00f3 hoy como nuevo canciller, al prestar juramento ante el [&hellip;]<\/p>\n","protected":false},"author":2,"featured_media":2736,"comment_status":"open","ping_status":"open","sticky":false,"template":"","format":"standard","meta":{"footnotes":""},"categories":[64],"tags":[],"class_list":{"0":"post-2735","1":"post","2":"type-post","3":"status-publish","4":"format-standard","5":"has-post-thumbnail","7":"category-nacionales"},"_links":{"self":[{"href":"https:\/\/elpueblonoticia.com.ar\/web\/wp-json\/wp\/v2\/posts\/2735","targetHints":{"allow":["GET"]}}],"collection":[{"href":"https:\/\/elpueblonoticia.com.ar\/web\/wp-json\/wp\/v2\/posts"}],"about":[{"href":"https:\/\/elpueblonoticia.com.ar\/web\/wp-json\/wp\/v2\/types\/post"}],"author":[{"embeddable":true,"href":"https:\/\/elpueblonoticia.com.ar\/web\/wp-json\/wp\/v2\/users\/2"}],"replies":[{"embeddable":true,"href":"https:\/\/elpueblonoticia.com.ar\/web\/wp-json\/wp\/v2\/comments?post=2735"}],"version-history":[{"count":0,"href":"https:\/\/elpueblonoticia.com.ar\/web\/wp-json\/wp\/v2\/posts\/2735\/revisions"}],"wp:featuredmedia":[{"embeddable":true,"href":"https:\/\/elpueblonoticia.com.ar\/web\/wp-json\/wp\/v2\/media\/2736"}],"wp:attachment":[{"href":"https:\/\/elpueblonoticia.com.ar\/web\/wp-json\/wp\/v2\/media?parent=2735"}],"wp:term":[{"taxonomy":"category","embeddable":true,"href":"https:\/\/elpueblonoticia.com.ar\/web\/wp-json\/wp\/v2\/categories?post=2735"},{"taxonomy":"post_tag","embeddable":true,"href":"https:\/\/elpueblonoticia.com.ar\/web\/wp-json\/wp\/v2\/tags?post=2735"}],"curies":[{"name":"wp","href":"https:\/\/api.w.org\/{rel}","templated":true}]}}