{"id":2730,"date":"2025-10-29T12:06:54","date_gmt":"2025-10-29T15:06:54","guid":{"rendered":"https:\/\/elpueblonoticia.com.ar\/web\/?p=2730"},"modified":"2025-10-29T12:06:54","modified_gmt":"2025-10-29T15:06:54","slug":"feria-nacional-de-ciencia-y-tecnologia-estudiantes-correntinos-representan-a-la-provincia-en-cafayate","status":"publish","type":"post","link":"https:\/\/elpueblonoticia.com.ar\/web\/2025\/10\/29\/feria-nacional-de-ciencia-y-tecnologia-estudiantes-correntinos-representan-a-la-provincia-en-cafayate\/","title":{"rendered":"FERIA NACIONAL DE CIENCIA Y TECNOLOG\u00cdA: ESTUDIANTES CORRENTINOS REPRESENTAN A LA PROVINCIA EN CAFAYATE"},"content":{"rendered":"<p><strong>Este mi\u00e9rcoles comienza en el Centro de Convenciones de Cafayate, Salta, la Tercera Fase de Feria de Ciencia y Tecnolog\u00eda Nacional, Eje Cient\u00edfico. La misma ser\u00e1 hasta el pr\u00f3ximo viernes y participan all\u00ed cuatro o cinco \u00a0proyectos Educativos por cada una de las veinticuatro jurisdicciones del pa\u00eds.<\/strong><\/p>\n<p>Cada delegaci\u00f3n est\u00e1 compuesta por \u00e9stos cuatro o cinco equipos que a su vez se integran por dos estudiantes y un docente, cuyos proyectos fueron seleccionados en las instancias provinciales para representarlas.<\/p>\n<p>En el caso de Corrientes los proyectos seleccionados para esta fase son:<\/p>\n<p>&#8211; Reserva Santa Catalina y el mono Caray\u00e1, del EJI 54 de Corrientes.<\/p>\n<p>&#8211; Las Abejas nuestras amigas, de la Escuela Primaria N\u00b0 417 Alejo Camilo Lopez, de Garruchos.<\/p>\n<p>&#8211; Tatuajes, s\u00edmbolos de paz, de la UP N\u00b06 \u2013 Modalidad J\u00f3venes y Adultos, de San Cayetano.<\/p>\n<p>&#8211; Agua pura para todos, del Instituto Terap\u00e9utico a la Diversidad San Diego, de Riachuelo.<\/p>\n<p>&#8211; La flor de fuego, de la Escuela Normal Maria Luisa Rom\u00e1n de Frechou, Saladas.<\/p>\n<p>Durante los tres d\u00edas se exponen los trabajos que son observados por evaluadores de todo el pa\u00eds.<\/p>\n<p>El acto de cierre se realizar\u00e1 el viernes 31 por la tarde con la ceremonia de\u00a0 entrega de distinciones.<\/p>\n<p>Hasta el momento se realizaron dos fases, ambas en Posadas, y en ambas Corrientes obtuvo dos distinciones de proyectos de Feria y dos Distinciones en Desaf\u00edos Educativos, sobre ocho proyectos presentados.<\/p>\n<p>La \u00faltima fase de realizar\u00e1 en la ciudad de Buenos Aires del 18 al 20 de noviembre.<\/p>\n","protected":false},"excerpt":{"rendered":"<p>Este mi\u00e9rcoles comienza en el Centro de Convenciones de Cafayate, Salta, la Tercera Fase de Feria de Ciencia y Tecnolog\u00eda Nacional, Eje Cient\u00edfico. La misma ser\u00e1 hasta el pr\u00f3ximo viernes y participan all\u00ed cuatro o cinco \u00a0proyectos Educativos por cada una de las veinticuatro jurisdicciones del pa\u00eds. Cada delegaci\u00f3n est\u00e1 compuesta por \u00e9stos cuatro o [&hellip;]<\/p>\n","protected":false},"author":2,"featured_media":2732,"comment_status":"open","ping_status":"open","sticky":false,"template":"","format":"standard","meta":{"footnotes":""},"categories":[78],"tags":[],"class_list":{"0":"post-2730","1":"post","2":"type-post","3":"status-publish","4":"format-standard","5":"has-post-thumbnail","7":"category-generales"},"_links":{"self":[{"href":"https:\/\/elpueblonoticia.com.ar\/web\/wp-json\/wp\/v2\/posts\/2730","targetHints":{"allow":["GET"]}}],"collection":[{"href":"https:\/\/elpueblonoticia.com.ar\/web\/wp-json\/wp\/v2\/posts"}],"about":[{"href":"https:\/\/elpueblonoticia.com.ar\/web\/wp-json\/wp\/v2\/types\/post"}],"author":[{"embeddable":true,"href":"https:\/\/elpueblonoticia.com.ar\/web\/wp-json\/wp\/v2\/users\/2"}],"replies":[{"embeddable":true,"href":"https:\/\/elpueblonoticia.com.ar\/web\/wp-json\/wp\/v2\/comments?post=2730"}],"version-history":[{"count":0,"href":"https:\/\/elpueblonoticia.com.ar\/web\/wp-json\/wp\/v2\/posts\/2730\/revisions"}],"wp:featuredmedia":[{"embeddable":true,"href":"https:\/\/elpueblonoticia.com.ar\/web\/wp-json\/wp\/v2\/media\/2732"}],"wp:attachment":[{"href":"https:\/\/elpueblonoticia.com.ar\/web\/wp-json\/wp\/v2\/media?parent=2730"}],"wp:term":[{"taxonomy":"category","embeddable":true,"href":"https:\/\/elpueblonoticia.com.ar\/web\/wp-json\/wp\/v2\/categories?post=2730"},{"taxonomy":"post_tag","embeddable":true,"href":"https:\/\/elpueblonoticia.com.ar\/web\/wp-json\/wp\/v2\/tags?post=2730"}],"curies":[{"name":"wp","href":"https:\/\/api.w.org\/{rel}","templated":true}]}}