{"id":2725,"date":"2025-10-29T11:38:40","date_gmt":"2025-10-29T14:38:40","guid":{"rendered":"https:\/\/elpueblonoticia.com.ar\/web\/?p=2725"},"modified":"2025-10-29T11:38:40","modified_gmt":"2025-10-29T14:38:40","slug":"murio-un-bebe-de-cinco-meses-tras-el-vuelco-de-un-auto-sobre-la-ruta-14","status":"publish","type":"post","link":"https:\/\/elpueblonoticia.com.ar\/web\/2025\/10\/29\/murio-un-bebe-de-cinco-meses-tras-el-vuelco-de-un-auto-sobre-la-ruta-14\/","title":{"rendered":"Muri\u00f3 un beb\u00e9 de cinco meses tras el vuelco de un auto sobre la Ruta 14"},"content":{"rendered":"<p><strong>Policiales<\/strong><\/p>\n<p>29 de Octubre de 2025<\/p>\n<div class=\"x14z9mp xat24cr x1lziwak x1vvkbs xtlvy1s x126k92a\">\n<div dir=\"auto\">El tr\u00e1gico accidente ocurri\u00f3 este martes alrededor del mediod\u00eda en la Ruta Nacional 14, a la altura del paraje Desiderio Sosa. Un autom\u00f3vil con cuatro ocupantes despist\u00f3 y volc\u00f3 por causas que se investigan. Uno de ellos era un beb\u00e9 de cinco meses que fue trasladado de urgencia a Virasoro, donde se confirm\u00f3 su deceso.<\/div>\n<\/div>\n<div class=\"x14z9mp xat24cr x1lziwak x1vvkbs xtlvy1s x126k92a\">\n<div dir=\"auto\">Un beb\u00e9 de cinco meses muri\u00f3 este martes tras un despiste y posterior vuelco de un autom\u00f3vil en cercan\u00edas a la ciudad correntina de Santo Tom\u00e9.<\/div>\n<\/div>\n<div class=\"x14z9mp xat24cr x1lziwak x1vvkbs xtlvy1s x126k92a\">\n<div dir=\"auto\">El tr\u00e1gico siniestro vial se registr\u00f3 al mediod\u00eda sobre la Ruta Nacional 14, frente al paraje Desiderio Sosa. Un autom\u00f3vil en el que viajaban cuatro ocupantes despist\u00f3 y volc\u00f3 por razones que est\u00e1n siendo investigadas por las autoridades.<\/div>\n<\/div>\n<div class=\"x14z9mp xat24cr x1lziwak x1vvkbs xtlvy1s x126k92a\">\n<div dir=\"auto\">Tras el accidente, el beb\u00e9 fue trasladado de urgencia al Hospital de Virasoro, donde lamentablemente se confirm\u00f3 su fallecimiento.<\/div>\n<\/div>\n<div class=\"x14z9mp xat24cr x1lziwak x1vvkbs xtlvy1s x126k92a\">\n<div dir=\"auto\">Los otros tres ocupantes del veh\u00edculo presentan lesiones de gravedad. Aunque estaban conscientes, se encontraban en estado de shock y fueron derivados para su atenci\u00f3n al Hospital de Santo Tom\u00e9, precisaron fuentes policiales.<\/div>\n<\/div>\n","protected":false},"excerpt":{"rendered":"<p>Policiales 29 de Octubre de 2025 El tr\u00e1gico accidente ocurri\u00f3 este martes alrededor del mediod\u00eda en la Ruta Nacional 14, a la altura del paraje Desiderio Sosa. Un autom\u00f3vil con cuatro ocupantes despist\u00f3 y volc\u00f3 por causas que se investigan. Uno de ellos era un beb\u00e9 de cinco meses que fue trasladado de urgencia a [&hellip;]<\/p>\n","protected":false},"author":2,"featured_media":2726,"comment_status":"open","ping_status":"open","sticky":false,"template":"","format":"standard","meta":{"footnotes":""},"categories":[68],"tags":[],"class_list":{"0":"post-2725","1":"post","2":"type-post","3":"status-publish","4":"format-standard","5":"has-post-thumbnail","7":"category-policiales-nacionales"},"_links":{"self":[{"href":"https:\/\/elpueblonoticia.com.ar\/web\/wp-json\/wp\/v2\/posts\/2725","targetHints":{"allow":["GET"]}}],"collection":[{"href":"https:\/\/elpueblonoticia.com.ar\/web\/wp-json\/wp\/v2\/posts"}],"about":[{"href":"https:\/\/elpueblonoticia.com.ar\/web\/wp-json\/wp\/v2\/types\/post"}],"author":[{"embeddable":true,"href":"https:\/\/elpueblonoticia.com.ar\/web\/wp-json\/wp\/v2\/users\/2"}],"replies":[{"embeddable":true,"href":"https:\/\/elpueblonoticia.com.ar\/web\/wp-json\/wp\/v2\/comments?post=2725"}],"version-history":[{"count":0,"href":"https:\/\/elpueblonoticia.com.ar\/web\/wp-json\/wp\/v2\/posts\/2725\/revisions"}],"wp:featuredmedia":[{"embeddable":true,"href":"https:\/\/elpueblonoticia.com.ar\/web\/wp-json\/wp\/v2\/media\/2726"}],"wp:attachment":[{"href":"https:\/\/elpueblonoticia.com.ar\/web\/wp-json\/wp\/v2\/media?parent=2725"}],"wp:term":[{"taxonomy":"category","embeddable":true,"href":"https:\/\/elpueblonoticia.com.ar\/web\/wp-json\/wp\/v2\/categories?post=2725"},{"taxonomy":"post_tag","embeddable":true,"href":"https:\/\/elpueblonoticia.com.ar\/web\/wp-json\/wp\/v2\/tags?post=2725"}],"curies":[{"name":"wp","href":"https:\/\/api.w.org\/{rel}","templated":true}]}}