{"id":2724,"date":"2025-10-29T11:58:16","date_gmt":"2025-10-29T14:58:16","guid":{"rendered":"https:\/\/elpueblonoticia.com.ar\/web\/?p=2724"},"modified":"2025-10-29T11:59:12","modified_gmt":"2025-10-29T14:59:12","slug":"goya-de-fiesta-la-diocesis-celebra-64-anos-del-legado-de-su-primer-obispo","status":"publish","type":"post","link":"https:\/\/elpueblonoticia.com.ar\/web\/2025\/10\/29\/goya-de-fiesta-la-diocesis-celebra-64-anos-del-legado-de-su-primer-obispo\/","title":{"rendered":"Goya de fiesta: La Di\u00f3cesis celebra 64 A\u00f1os del legado de su Primer Obispo"},"content":{"rendered":"<p>Monse\u00f1or Adolfo Ram\u00f3n Canec\u00edn presidir\u00e1 una emotiva misa en la Catedral, \u00e9ste mi\u00e9rcoles a las 20 horas para conmemorar la toma de posesi\u00f3n de Monse\u00f1or Alberto Devoto en 1961. Este esp\u00edritu festivo no solo honra el inicio de la Di\u00f3cesis, sino que subraya la importancia de mirar el camino recorrido, fortaleciendo el lazo comunitario y la fe compartida.<\/p>\n<p>La Di\u00f3cesis de Goya tendr\u00e1 su celebraci\u00f3n este mi\u00e9rcoles, 29 de octubre de 2025, al cumplirse el 64\u00ba aniversario de la toma de posesi\u00f3n de su primer obispo, monse\u00f1or Alberto Pascual Devoto.<\/p>\n<p>El actual obispo diocesano, Monse\u00f1or Adolfo Ram\u00f3n Canec\u00edn, convoc\u00f3 a toda la feligres\u00eda a unirse en una Misa especial que presidir\u00e1 en la Iglesia Catedral &#8220;Nuestra Se\u00f1ora del Rosario&#8221; a las 20:00 horas. Este esp\u00edritu festivo no solo honra el inicio de la Di\u00f3cesis, sino que subraya la importancia de mirar el camino recorrido, fortaleciendo el lazo comunitario y la fe compartida.<\/p>\n<p>La jornada invita a la comunidad a hacer un ejercicio de &#8220;memoria agradecida&#8221;, recordando el hito fundacional cuando Monse\u00f1or Devoto, consagrado el 17 de septiembre de 1961, asumi\u00f3 el gobierno pastoral el 29 de octubre de ese mismo a\u00f1o.<\/p>\n<p>La convocatoria a este encuentro jubilar se enmarca en un profundo sentido de pertenencia y esperanza, resonando con las sentidas palabras del recordado pa\u00ed guaz\u00fa, el poeta y cantor Juli\u00e1n Zini: &#8220;Que linda la gente que tiene memoria, seguro que tiene esperanza tambi\u00e9n; que lindo este Pueblo que mira su historia, se junta y celebra cantando su fe.&#8221; Este esp\u00edritu festivo no solo honra el inicio de la Di\u00f3cesis, sino que subraya la importancia de mirar el camino recorrido, fortaleciendo el lazo comunitario y la fe compartida.<\/p>\n<p>Finalmente, la celebraci\u00f3n ser\u00e1 una ocasi\u00f3n propicia para recordar y orar por todos los pastores que han guiado a la grey diocesana. Se har\u00e1 especial menci\u00f3n de Monse\u00f1or Alberto Devoto (1961-1984), con su lema &#8220;Yo siempre estar\u00e9 contigo&#8221;; Monse\u00f1or Luis St\u00f6ckler (1985-2002) y su lema &#8220;Sujeto a ellos&#8221;; y Monse\u00f1or Ricardo Faifer (2002-2015), quien eligi\u00f3 &#8220;Para servir&#8221;.<\/p>\n<p>De esta manera, la Misa de esta noche no solo conmemora una fecha, sino que renueva el compromiso con el legado de servicio y cercan\u00eda pastoral que ha marcado la rica historia de la Di\u00f3cesis de Goya.-<\/p>\n","protected":false},"excerpt":{"rendered":"<p>Monse\u00f1or Adolfo Ram\u00f3n Canec\u00edn presidir\u00e1 una emotiva misa en la Catedral, \u00e9ste mi\u00e9rcoles a las 20 horas para conmemorar la toma de posesi\u00f3n de Monse\u00f1or Alberto Devoto en 1961. Este esp\u00edritu festivo no solo honra el inicio de la Di\u00f3cesis, sino que subraya la importancia de mirar el camino recorrido, fortaleciendo el lazo comunitario y [&hellip;]<\/p>\n","protected":false},"author":2,"featured_media":2731,"comment_status":"open","ping_status":"open","sticky":false,"template":"","format":"standard","meta":{"footnotes":""},"categories":[78],"tags":[],"class_list":{"0":"post-2724","1":"post","2":"type-post","3":"status-publish","4":"format-standard","5":"has-post-thumbnail","7":"category-generales"},"_links":{"self":[{"href":"https:\/\/elpueblonoticia.com.ar\/web\/wp-json\/wp\/v2\/posts\/2724","targetHints":{"allow":["GET"]}}],"collection":[{"href":"https:\/\/elpueblonoticia.com.ar\/web\/wp-json\/wp\/v2\/posts"}],"about":[{"href":"https:\/\/elpueblonoticia.com.ar\/web\/wp-json\/wp\/v2\/types\/post"}],"author":[{"embeddable":true,"href":"https:\/\/elpueblonoticia.com.ar\/web\/wp-json\/wp\/v2\/users\/2"}],"replies":[{"embeddable":true,"href":"https:\/\/elpueblonoticia.com.ar\/web\/wp-json\/wp\/v2\/comments?post=2724"}],"version-history":[{"count":0,"href":"https:\/\/elpueblonoticia.com.ar\/web\/wp-json\/wp\/v2\/posts\/2724\/revisions"}],"wp:featuredmedia":[{"embeddable":true,"href":"https:\/\/elpueblonoticia.com.ar\/web\/wp-json\/wp\/v2\/media\/2731"}],"wp:attachment":[{"href":"https:\/\/elpueblonoticia.com.ar\/web\/wp-json\/wp\/v2\/media?parent=2724"}],"wp:term":[{"taxonomy":"category","embeddable":true,"href":"https:\/\/elpueblonoticia.com.ar\/web\/wp-json\/wp\/v2\/categories?post=2724"},{"taxonomy":"post_tag","embeddable":true,"href":"https:\/\/elpueblonoticia.com.ar\/web\/wp-json\/wp\/v2\/tags?post=2724"}],"curies":[{"name":"wp","href":"https:\/\/api.w.org\/{rel}","templated":true}]}}