{"id":2720,"date":"2025-10-29T11:00:30","date_gmt":"2025-10-29T14:00:30","guid":{"rendered":"https:\/\/elpueblonoticia.com.ar\/web\/?p=2720"},"modified":"2025-10-29T11:00:30","modified_gmt":"2025-10-29T14:00:30","slug":"guerra-contra-el-narcotrafico-en-rio-de-janeiro-64-muertos-en-una-operacion-policial","status":"publish","type":"post","link":"https:\/\/elpueblonoticia.com.ar\/web\/2025\/10\/29\/guerra-contra-el-narcotrafico-en-rio-de-janeiro-64-muertos-en-una-operacion-policial\/","title":{"rendered":"Guerra contra el narcotr\u00e1fico en R\u00edo de Janeiro: 64 muertos en una operaci\u00f3n policial"},"content":{"rendered":"<p><strong>Una operaci\u00f3n sin precedentes contra el Comando Vermelho dej\u00f3 64 muertos y 81 detenidos en las favelas de Alem\u00e3o y Penha.<\/strong><\/p>\n<p>&nbsp;<\/p>\n<section class=\"detail-body first-paragraph\">\n<section class=\"body-content note-body content-protected-false\" data-twitter-link=\"&lt;a href=\">\n<p data-start=\"189\" data-end=\"699\">Una megaoperaci\u00f3n encabezada por la\u00a0<strong data-start=\"324\" data-end=\"364\">Polic\u00eda del Estado de R\u00edo de Janeiro<\/strong>\u00a0contra el hist\u00f3rico del\u00a0<strong data-start=\"615\" data-end=\"635\">Comando Vermelho<\/strong>, una de las organizaciones narcocriminales m\u00e1s poderosas del pa\u00eds, dej\u00f3 un saldo de\u00a0<strong data-start=\"382\" data-end=\"396\">64 muertos<\/strong>, entre ellos\u00a0<strong data-start=\"410\" data-end=\"428\">cuatro agentes<\/strong>, y\u00a0<strong data-start=\"432\" data-end=\"448\">81 detenidos<\/strong>.<\/p>\n<\/section>\n<\/section>\n<section class=\"detail-body second-paragraph\">\n<section class=\"body-content note-body content-protected-false\">\n<p data-start=\"189\" data-end=\"699\">El despliegue, que involucr\u00f3 a\u00a0<strong data-start=\"481\" data-end=\"500\">2.500 efectivos<\/strong>, se desarroll\u00f3 en los complejos de\u00a0<strong data-start=\"536\" data-end=\"546\">Alem\u00e3o<\/strong>\u00a0y\u00a0<strong data-start=\"549\" data-end=\"558\">Penha<\/strong>, en la zona norte de la ciudad. Desde las primeras horas del martes,\u00a0<strong data-start=\"738\" data-end=\"774\">helic\u00f3pteros, blindados y drones<\/strong>\u00a0sobrevolaron dicho barrios en una ofensiva contra la banda, que cont\u00f3 con bloqueos vehiculares en las autopistas cercanas y el cierre de avenidas estrat\u00e9gicas.<\/p>\n<section class=\"detail-body\">\n<section class=\"body-content note-body content-protected-false\">\n<p data-start=\"189\" data-end=\"699\"><span id=\"saysCMSEmphasissg9z99rtnto\" class=\"saysCMSEmphasis\">En este contexto, las fuerzas de seguridad rompieron barricadas de neum\u00e1ticos incendiados y avanzaron por las calles estrechas de las favelas con apoyo a\u00e9reo y terrestre. El objetivo principal era Edgar Alves de Andrade, alias &#8220;Doca&#8221; o &#8220;Urso&#8221;, se\u00f1alado como jefe regional del Comando Vermelho en Penha, que cuenta con m\u00e1s de un centenar de causas por homicidio, narcotr\u00e1fico y asociaci\u00f3n criminal, y es considerado uno de los principales articuladores del negocio en el norte carioca.<\/span><\/p>\n<\/section>\n<\/section>\n<section class=\"detail-body\">\n<section class=\"body-content note-body content-protected-false\">\n<p data-start=\"1559\" data-end=\"1965\">Seg\u00fan la Fiscal\u00eda de R\u00edo Janeiro,\u00a0<strong>Penha y Alem\u00e3o son puntos estrat\u00e9gicos para el tr\u00e1fico de drogas y armas<\/strong>, por su ubicaci\u00f3n pr\u00f3xima a las autopistas y accesos log\u00edsticos de la ciudad. El gobernador\u00a0<strong data-start=\"1750\" data-end=\"1768\">Cl\u00e1udio Castro<\/strong>\u00a0calific\u00f3 el operativo como una &#8220;guerra&#8221; y advirti\u00f3 que el Estado &#8220;enfrenta solo&#8221; al crimen organizado, denunciando que las Fuerzas Armadas rechazaron tres veces su pedido de apoyo con blindados.<\/p>\n<section class=\"detail-body\">\n<section class=\"body-content note-body content-protected-false\">\n<p data-start=\"1967\" data-end=\"2285\">La ofensiva se inscribe en la pol\u00edtica de mano dura impulsada por Castro, que milita en el Bolsonarismo, bajo cuyo mandato se registraron tres de las cuatro operaciones policiales m\u00e1s letales de la historia de esa ciudad. Seg\u00fan el observatorio<em>\u00a0World of Crime<\/em>, el operativo de esta semana fue\u00a0<strong>&#8220;el m\u00e1s sangriento contra grupos criminales en la ciudad&#8221;.<\/strong><\/p>\n<\/section>\n<\/section>\n<section class=\"detail-body\">\n<section class=\"body-content note-body content-protected-false\">\n<p data-start=\"2287\" data-end=\"2797\">Mientras tanto, los habitantes del norte carioca quedaron atrapados en el fuego cruzado. M\u00e1s de\u00a0<strong data-start=\"2383\" data-end=\"2403\">200.000 personas<\/strong>\u00a0resultaron afectadas por la suspensi\u00f3n de servicios, el cierre de\u00a0<strong data-start=\"2470\" data-end=\"2485\">45 escuelas<\/strong>\u00a0y el desv\u00edo de\u00a0<strong data-start=\"2501\" data-end=\"2530\">doce l\u00edneas de transporte<\/strong>. Desde\u00a0<em>Human Rights Watch<\/em>\u00a0advirti\u00f3 que este tipo de operativos suelen derivar en abusos y ejecuciones extrajudiciales, en un contexto de\u00a0<strong data-start=\"2662\" data-end=\"2696\">letalidad policial estructural<\/strong>: solo en 2024, m\u00e1s de\u00a0<strong data-start=\"2719\" data-end=\"2735\">700 personas<\/strong>\u00a0murieron en intervenciones de las fuerzas del orden en R\u00edo.<\/p>\n<p>La operaci\u00f3n contin\u00faa en desarrollo, y su resultado final a\u00fan est\u00e1 por verse. En tanto, las autoridades mantienen una recompensa de 100.000 reales (unos 17.500 d\u00f3lares) por informaci\u00f3n que permita la captura de\u00a0<strong>Edgar Alves de Andrade<\/strong>, alias &#8220;Doca&#8221;.<\/p>\n<h2 data-start=\"2799\" data-end=\"2878\"><strong>Qu\u00e9 es el Comando Vermelho<\/strong><\/h2>\n<p data-start=\"2799\" data-end=\"2878\">El\u00a0<strong>Comando Vermelho naci\u00f3 en 1979 en una c\u00e1rcel de R\u00edo de Janeiro\u00a0<\/strong>y se transform\u00f3 en una estructura criminal de \u00e1mbito nacional, es considerada una de las dos organizaciones m\u00e1s grandes de Brasil.<\/p>\n<p data-start=\"2799\" data-end=\"2878\"><strong>Opera mediante una red descentralizada con casi 50 mil integrantes en distintos puntos de Brasil, que cuenta con: capos en c\u00e1rceles, lugartenientes en favelas, soldados que controlan los puntos de venta y una sofisticada red de lavado de dinero<\/strong>.<\/p>\n<p data-start=\"2799\" data-end=\"2878\">Su poder se sustenta en el tr\u00e1fico de drogas, lavado de dinero y control de barrios y c\u00e1rceles en R\u00edo de Janeiro.<\/p>\n<\/section>\n<\/section>\n<\/section>\n<\/section>\n<\/section>\n<\/section>\n","protected":false},"excerpt":{"rendered":"<p>Una operaci\u00f3n sin precedentes contra el Comando Vermelho dej\u00f3 64 muertos y 81 detenidos en las favelas de Alem\u00e3o y Penha. &nbsp; Una megaoperaci\u00f3n encabezada por la\u00a0Polic\u00eda del Estado de R\u00edo de Janeiro\u00a0contra el hist\u00f3rico del\u00a0Comando Vermelho, una de las organizaciones narcocriminales m\u00e1s poderosas del pa\u00eds, dej\u00f3 un saldo de\u00a064 muertos, entre ellos\u00a0cuatro agentes, y\u00a081 [&hellip;]<\/p>\n","protected":false},"author":2,"featured_media":2721,"comment_status":"open","ping_status":"open","sticky":false,"template":"","format":"standard","meta":{"footnotes":""},"categories":[81],"tags":[],"class_list":{"0":"post-2720","1":"post","2":"type-post","3":"status-publish","4":"format-standard","5":"has-post-thumbnail","7":"category-internacionales"},"_links":{"self":[{"href":"https:\/\/elpueblonoticia.com.ar\/web\/wp-json\/wp\/v2\/posts\/2720","targetHints":{"allow":["GET"]}}],"collection":[{"href":"https:\/\/elpueblonoticia.com.ar\/web\/wp-json\/wp\/v2\/posts"}],"about":[{"href":"https:\/\/elpueblonoticia.com.ar\/web\/wp-json\/wp\/v2\/types\/post"}],"author":[{"embeddable":true,"href":"https:\/\/elpueblonoticia.com.ar\/web\/wp-json\/wp\/v2\/users\/2"}],"replies":[{"embeddable":true,"href":"https:\/\/elpueblonoticia.com.ar\/web\/wp-json\/wp\/v2\/comments?post=2720"}],"version-history":[{"count":0,"href":"https:\/\/elpueblonoticia.com.ar\/web\/wp-json\/wp\/v2\/posts\/2720\/revisions"}],"wp:featuredmedia":[{"embeddable":true,"href":"https:\/\/elpueblonoticia.com.ar\/web\/wp-json\/wp\/v2\/media\/2721"}],"wp:attachment":[{"href":"https:\/\/elpueblonoticia.com.ar\/web\/wp-json\/wp\/v2\/media?parent=2720"}],"wp:term":[{"taxonomy":"category","embeddable":true,"href":"https:\/\/elpueblonoticia.com.ar\/web\/wp-json\/wp\/v2\/categories?post=2720"},{"taxonomy":"post_tag","embeddable":true,"href":"https:\/\/elpueblonoticia.com.ar\/web\/wp-json\/wp\/v2\/tags?post=2720"}],"curies":[{"name":"wp","href":"https:\/\/api.w.org\/{rel}","templated":true}]}}