{"id":2708,"date":"2025-10-29T09:46:12","date_gmt":"2025-10-29T12:46:12","guid":{"rendered":"https:\/\/elpueblonoticia.com.ar\/web\/?p=2708"},"modified":"2025-10-29T09:46:12","modified_gmt":"2025-10-29T12:46:12","slug":"milei-recibe-a-la-mayoria-de-los-gobernadores-para-discutir-los-proyectos-que-impulsa-en-el-congreso","status":"publish","type":"post","link":"https:\/\/elpueblonoticia.com.ar\/web\/2025\/10\/29\/milei-recibe-a-la-mayoria-de-los-gobernadores-para-discutir-los-proyectos-que-impulsa-en-el-congreso\/","title":{"rendered":"Milei recibe a la mayor\u00eda de los gobernadores para discutir los proyectos que impulsa en el Congreso"},"content":{"rendered":"<p>&#8220;Los van a recibir Milei, Guillermo Francos, Luis Caputo y Lisandro Catal\u00e1n&#8221;, se inform\u00f3. El presidente Javier Milei recibir\u00e1 este jueves a al menos 15 gobernadores para comenzar a discutir los proyectos de reformas que impulsa la gesti\u00f3n libertario, luego de su amplio triunfo electoral.<\/p>\n<div>&#8220;Los van a recibir Milei, Guillermo Francos, Luis Caputo y Lisandro Catal\u00e1n&#8221;, confirmaron fuentes oficiales a Noticias Argentinas.<\/div>\n<div>\n<div><\/div>\n<div>Rogelio Frigerio (Entre R\u00edos), Ra\u00fal Jalil (Catamarca), Claudio Poggi (San Luis) y Jorge Macri (Ciudad de Buenos Aires) son algunos de los confirmados, todos ellos cercanos en mayor o menor medida al gobierno de Milei.<\/div>\n<div>El Ejecutivo nacional pretende no perder tiempo y, al calor del rotundo triunfo electoral, busca acelerar las conversaciones sobre las reformas laboral y tributaria para tratar en sesiones extraordinarias del Congreso a comienzos del a\u00f1o que viene, con la nueva conformaci\u00f3n del parlamento.<\/div>\n<\/div>\n<div>\n<div><\/div>\n<div>Esos proyectos se elaborar\u00e1n luego de que el Consejo de Mayo confeccione su informe final en el que est\u00e1n trabajando, algo previsto para mediados de diciembre.<\/div>\n<\/div>\n<div>\n<div><\/div>\n<div>El Consejo est\u00e1 encabezado por el jefe de Gabinete, Guillermo Francos, y lo integran adem\u00e1s el ministro de Desregulaci\u00f3n y Transformaci\u00f3n del Estado, Federico Sturzenegger; el gobernador de Mendoza, Alfredo Cornejo; la senadora nacional Carolina Losada; el diputado nacional, Cristian Ritondo; el secretario general de la UOCRA, Gerardo Mart\u00ednez, y el presidente de la UIA, Mart\u00edn Rappallini.<\/div>\n<\/div>\n","protected":false},"excerpt":{"rendered":"<p>&#8220;Los van a recibir Milei, Guillermo Francos, Luis Caputo y Lisandro Catal\u00e1n&#8221;, se inform\u00f3. El presidente Javier Milei recibir\u00e1 este jueves a al menos 15 gobernadores para comenzar a discutir los proyectos de reformas que impulsa la gesti\u00f3n libertario, luego de su amplio triunfo electoral. &#8220;Los van a recibir Milei, Guillermo Francos, Luis Caputo y [&hellip;]<\/p>\n","protected":false},"author":2,"featured_media":2709,"comment_status":"open","ping_status":"open","sticky":false,"template":"","format":"standard","meta":{"footnotes":""},"categories":[64],"tags":[],"class_list":{"0":"post-2708","1":"post","2":"type-post","3":"status-publish","4":"format-standard","5":"has-post-thumbnail","7":"category-nacionales"},"_links":{"self":[{"href":"https:\/\/elpueblonoticia.com.ar\/web\/wp-json\/wp\/v2\/posts\/2708","targetHints":{"allow":["GET"]}}],"collection":[{"href":"https:\/\/elpueblonoticia.com.ar\/web\/wp-json\/wp\/v2\/posts"}],"about":[{"href":"https:\/\/elpueblonoticia.com.ar\/web\/wp-json\/wp\/v2\/types\/post"}],"author":[{"embeddable":true,"href":"https:\/\/elpueblonoticia.com.ar\/web\/wp-json\/wp\/v2\/users\/2"}],"replies":[{"embeddable":true,"href":"https:\/\/elpueblonoticia.com.ar\/web\/wp-json\/wp\/v2\/comments?post=2708"}],"version-history":[{"count":0,"href":"https:\/\/elpueblonoticia.com.ar\/web\/wp-json\/wp\/v2\/posts\/2708\/revisions"}],"wp:featuredmedia":[{"embeddable":true,"href":"https:\/\/elpueblonoticia.com.ar\/web\/wp-json\/wp\/v2\/media\/2709"}],"wp:attachment":[{"href":"https:\/\/elpueblonoticia.com.ar\/web\/wp-json\/wp\/v2\/media?parent=2708"}],"wp:term":[{"taxonomy":"category","embeddable":true,"href":"https:\/\/elpueblonoticia.com.ar\/web\/wp-json\/wp\/v2\/categories?post=2708"},{"taxonomy":"post_tag","embeddable":true,"href":"https:\/\/elpueblonoticia.com.ar\/web\/wp-json\/wp\/v2\/tags?post=2708"}],"curies":[{"name":"wp","href":"https:\/\/api.w.org\/{rel}","templated":true}]}}