{"id":2695,"date":"2025-10-29T09:17:35","date_gmt":"2025-10-29T12:17:35","guid":{"rendered":"https:\/\/elpueblonoticia.com.ar\/web\/?p=2695"},"modified":"2025-10-29T09:17:35","modified_gmt":"2025-10-29T12:17:35","slug":"programa-salud-mental-en-la-comunidad-rural-enfocado-en-la-prevencion-del-suicidio-impacta-positivamente-en-jovenes-de-cocalito-goya","status":"publish","type":"post","link":"https:\/\/elpueblonoticia.com.ar\/web\/2025\/10\/29\/programa-salud-mental-en-la-comunidad-rural-enfocado-en-la-prevencion-del-suicidio-impacta-positivamente-en-jovenes-de-cocalito-goya\/","title":{"rendered":"Programa &#8220;Salud Mental en la Comunidad Rural&#8221; Enfocado en la Prevenci\u00f3n del Suicidio Impacta positivamente en J\u00f3venes de Cocalito, Goya"},"content":{"rendered":"<p data-olk-copy-source=\"MessageBody\"><img loading=\"lazy\" decoding=\"async\" class=\"alignnone size-medium wp-image-2697\" src=\"https:\/\/elpueblonoticia.com.ar\/web\/wp-content\/uploads\/2025\/10\/Salud-Mental-en-el-Cocalito-1-300x226.jpg\" alt=\"\" width=\"300\" height=\"226\" srcset=\"https:\/\/elpueblonoticia.com.ar\/web\/wp-content\/uploads\/2025\/10\/Salud-Mental-en-el-Cocalito-1-300x226.jpg 300w, https:\/\/elpueblonoticia.com.ar\/web\/wp-content\/uploads\/2025\/10\/Salud-Mental-en-el-Cocalito-1-1024x770.jpg 1024w, https:\/\/elpueblonoticia.com.ar\/web\/wp-content\/uploads\/2025\/10\/Salud-Mental-en-el-Cocalito-1-768x578.jpg 768w, https:\/\/elpueblonoticia.com.ar\/web\/wp-content\/uploads\/2025\/10\/Salud-Mental-en-el-Cocalito-1-558x420.jpg 558w, https:\/\/elpueblonoticia.com.ar\/web\/wp-content\/uploads\/2025\/10\/Salud-Mental-en-el-Cocalito-1-80x60.jpg 80w, https:\/\/elpueblonoticia.com.ar\/web\/wp-content\/uploads\/2025\/10\/Salud-Mental-en-el-Cocalito-1-696x524.jpg 696w, https:\/\/elpueblonoticia.com.ar\/web\/wp-content\/uploads\/2025\/10\/Salud-Mental-en-el-Cocalito-1-1068x804.jpg 1068w, https:\/\/elpueblonoticia.com.ar\/web\/wp-content\/uploads\/2025\/10\/Salud-Mental-en-el-Cocalito-1.jpg 1280w\" sizes=\"auto, (max-width: 300px) 100vw, 300px\" \/><img loading=\"lazy\" decoding=\"async\" class=\"alignnone size-medium wp-image-2699\" src=\"https:\/\/elpueblonoticia.com.ar\/web\/wp-content\/uploads\/2025\/10\/Salud-Mental-en-el-Cocalito-3-300x225.jpg\" alt=\"\" width=\"300\" height=\"225\" srcset=\"https:\/\/elpueblonoticia.com.ar\/web\/wp-content\/uploads\/2025\/10\/Salud-Mental-en-el-Cocalito-3-300x225.jpg 300w, https:\/\/elpueblonoticia.com.ar\/web\/wp-content\/uploads\/2025\/10\/Salud-Mental-en-el-Cocalito-3-1024x768.jpg 1024w, https:\/\/elpueblonoticia.com.ar\/web\/wp-content\/uploads\/2025\/10\/Salud-Mental-en-el-Cocalito-3-768x576.jpg 768w, https:\/\/elpueblonoticia.com.ar\/web\/wp-content\/uploads\/2025\/10\/Salud-Mental-en-el-Cocalito-3-560x420.jpg 560w, https:\/\/elpueblonoticia.com.ar\/web\/wp-content\/uploads\/2025\/10\/Salud-Mental-en-el-Cocalito-3-80x60.jpg 80w, https:\/\/elpueblonoticia.com.ar\/web\/wp-content\/uploads\/2025\/10\/Salud-Mental-en-el-Cocalito-3-696x522.jpg 696w, https:\/\/elpueblonoticia.com.ar\/web\/wp-content\/uploads\/2025\/10\/Salud-Mental-en-el-Cocalito-3-1068x801.jpg 1068w, https:\/\/elpueblonoticia.com.ar\/web\/wp-content\/uploads\/2025\/10\/Salud-Mental-en-el-Cocalito-3-265x198.jpg 265w, https:\/\/elpueblonoticia.com.ar\/web\/wp-content\/uploads\/2025\/10\/Salud-Mental-en-el-Cocalito-3.jpg 1280w\" sizes=\"auto, (max-width: 300px) 100vw, 300px\" \/><img loading=\"lazy\" decoding=\"async\" class=\"alignnone size-medium wp-image-2700\" src=\"https:\/\/elpueblonoticia.com.ar\/web\/wp-content\/uploads\/2025\/10\/Salud-Mental-en-el-Cocalito-4-300x225.jpg\" alt=\"\" width=\"300\" height=\"225\" srcset=\"https:\/\/elpueblonoticia.com.ar\/web\/wp-content\/uploads\/2025\/10\/Salud-Mental-en-el-Cocalito-4-300x225.jpg 300w, https:\/\/elpueblonoticia.com.ar\/web\/wp-content\/uploads\/2025\/10\/Salud-Mental-en-el-Cocalito-4-1024x768.jpg 1024w, https:\/\/elpueblonoticia.com.ar\/web\/wp-content\/uploads\/2025\/10\/Salud-Mental-en-el-Cocalito-4-768x576.jpg 768w, https:\/\/elpueblonoticia.com.ar\/web\/wp-content\/uploads\/2025\/10\/Salud-Mental-en-el-Cocalito-4-560x420.jpg 560w, https:\/\/elpueblonoticia.com.ar\/web\/wp-content\/uploads\/2025\/10\/Salud-Mental-en-el-Cocalito-4-80x60.jpg 80w, https:\/\/elpueblonoticia.com.ar\/web\/wp-content\/uploads\/2025\/10\/Salud-Mental-en-el-Cocalito-4-696x522.jpg 696w, https:\/\/elpueblonoticia.com.ar\/web\/wp-content\/uploads\/2025\/10\/Salud-Mental-en-el-Cocalito-4-1068x801.jpg 1068w, https:\/\/elpueblonoticia.com.ar\/web\/wp-content\/uploads\/2025\/10\/Salud-Mental-en-el-Cocalito-4-265x198.jpg 265w, https:\/\/elpueblonoticia.com.ar\/web\/wp-content\/uploads\/2025\/10\/Salud-Mental-en-el-Cocalito-4.jpg 1280w\" sizes=\"auto, (max-width: 300px) 100vw, 300px\" \/><img loading=\"lazy\" decoding=\"async\" class=\"alignnone size-medium wp-image-2701\" src=\"https:\/\/elpueblonoticia.com.ar\/web\/wp-content\/uploads\/2025\/10\/Salud-Mental-en-el-Cocalito-5-300x300.jpg\" alt=\"\" width=\"300\" height=\"300\" srcset=\"https:\/\/elpueblonoticia.com.ar\/web\/wp-content\/uploads\/2025\/10\/Salud-Mental-en-el-Cocalito-5-300x300.jpg 300w, https:\/\/elpueblonoticia.com.ar\/web\/wp-content\/uploads\/2025\/10\/Salud-Mental-en-el-Cocalito-5-1024x1024.jpg 1024w, https:\/\/elpueblonoticia.com.ar\/web\/wp-content\/uploads\/2025\/10\/Salud-Mental-en-el-Cocalito-5-150x150.jpg 150w, https:\/\/elpueblonoticia.com.ar\/web\/wp-content\/uploads\/2025\/10\/Salud-Mental-en-el-Cocalito-5-768x768.jpg 768w, https:\/\/elpueblonoticia.com.ar\/web\/wp-content\/uploads\/2025\/10\/Salud-Mental-en-el-Cocalito-5-420x420.jpg 420w, https:\/\/elpueblonoticia.com.ar\/web\/wp-content\/uploads\/2025\/10\/Salud-Mental-en-el-Cocalito-5-696x696.jpg 696w, https:\/\/elpueblonoticia.com.ar\/web\/wp-content\/uploads\/2025\/10\/Salud-Mental-en-el-Cocalito-5-1068x1068.jpg 1068w, https:\/\/elpueblonoticia.com.ar\/web\/wp-content\/uploads\/2025\/10\/Salud-Mental-en-el-Cocalito-5.jpg 1280w\" sizes=\"auto, (max-width: 300px) 100vw, 300px\" \/><\/p>\n<p class=\"x_MsoNormal\" data-olk-copy-source=\"MessageBody\">En un esfuerzo significativo por fortalecer la salud mental en comunidades rurales, la Lic. Sabrina Coronel y su equipo de la Direcci\u00f3n de Salud Mental llevaron a cabo un taller del programa &#8220;Salud Mental en la Comunidad Rural&#8221;, con un enfoque espec\u00edfico en la prevenci\u00f3n del suicidio, en la Extensi\u00f3n A\u00falica Cocalito, perteneciente al Colegio Secundario Buena Vista.<\/p>\n<p class=\"x_MsoNormal\">M\u00e1s de 60 j\u00f3venes participaron activamente en este espacio de contenci\u00f3n y aprendizaje.<\/p>\n<p class=\"x_MsoNormal\" aria-hidden=\"true\">\n<p class=\"x_MsoNormal\">El taller proporcion\u00f3 herramientas esenciales para la identificaci\u00f3n temprana de factores de riesgo y estrategias de apoyo emocional relacionadas con la prevenci\u00f3n del suicidio. Los participantes destacaron la importancia de estos espacios para fomentar un di\u00e1logo abierto sobre la salud mental y reducir el estigma asociado.<\/p>\n<p class=\"x_MsoNormal\" aria-hidden=\"true\">\n<p class=\"x_MsoNormal\">&#8220;Es fundamental que los j\u00f3venes de nuestras zonas rurales se sientan escuchados y comprendidos,&#8221; se\u00f1al\u00f3 la Lic. Coronel. &#8220;Este tipo de iniciativas son clave para construir una comunidad m\u00e1s resiliente y solidaria, especialmente en lo que respecta a la prevenci\u00f3n del suicidio.&#8221;<\/p>\n<p class=\"x_MsoNormal\" aria-hidden=\"true\">\n<p class=\"x_MsoNormal\">La jornada concluy\u00f3 con un fuerte compromiso de seguir promoviendo acciones que prioricen la salud mental de los j\u00f3venes en todo el departamento de Goya, a trav\u00e9s del programa &#8220;Salud Mental en la Comunidad Rural&#8221;, con un fuerte componente de prevenci\u00f3n del suicidio.<\/p>\n","protected":false},"excerpt":{"rendered":"<p>En un esfuerzo significativo por fortalecer la salud mental en comunidades rurales, la Lic. Sabrina Coronel y su equipo de la Direcci\u00f3n de Salud Mental llevaron a cabo un taller del programa &#8220;Salud Mental en la Comunidad Rural&#8221;, con un enfoque espec\u00edfico en la prevenci\u00f3n del suicidio, en la Extensi\u00f3n A\u00falica Cocalito, perteneciente al Colegio [&hellip;]<\/p>\n","protected":false},"author":2,"featured_media":2696,"comment_status":"open","ping_status":"open","sticky":false,"template":"","format":"standard","meta":{"footnotes":""},"categories":[69],"tags":[],"class_list":{"0":"post-2695","1":"post","2":"type-post","3":"status-publish","4":"format-standard","5":"has-post-thumbnail","7":"category-salud"},"_links":{"self":[{"href":"https:\/\/elpueblonoticia.com.ar\/web\/wp-json\/wp\/v2\/posts\/2695","targetHints":{"allow":["GET"]}}],"collection":[{"href":"https:\/\/elpueblonoticia.com.ar\/web\/wp-json\/wp\/v2\/posts"}],"about":[{"href":"https:\/\/elpueblonoticia.com.ar\/web\/wp-json\/wp\/v2\/types\/post"}],"author":[{"embeddable":true,"href":"https:\/\/elpueblonoticia.com.ar\/web\/wp-json\/wp\/v2\/users\/2"}],"replies":[{"embeddable":true,"href":"https:\/\/elpueblonoticia.com.ar\/web\/wp-json\/wp\/v2\/comments?post=2695"}],"version-history":[{"count":0,"href":"https:\/\/elpueblonoticia.com.ar\/web\/wp-json\/wp\/v2\/posts\/2695\/revisions"}],"wp:featuredmedia":[{"embeddable":true,"href":"https:\/\/elpueblonoticia.com.ar\/web\/wp-json\/wp\/v2\/media\/2696"}],"wp:attachment":[{"href":"https:\/\/elpueblonoticia.com.ar\/web\/wp-json\/wp\/v2\/media?parent=2695"}],"wp:term":[{"taxonomy":"category","embeddable":true,"href":"https:\/\/elpueblonoticia.com.ar\/web\/wp-json\/wp\/v2\/categories?post=2695"},{"taxonomy":"post_tag","embeddable":true,"href":"https:\/\/elpueblonoticia.com.ar\/web\/wp-json\/wp\/v2\/tags?post=2695"}],"curies":[{"name":"wp","href":"https:\/\/api.w.org\/{rel}","templated":true}]}}