{"id":2672,"date":"2025-10-29T08:45:27","date_gmt":"2025-10-29T11:45:27","guid":{"rendered":"https:\/\/elpueblonoticia.com.ar\/web\/?p=2672"},"modified":"2025-10-29T08:45:27","modified_gmt":"2025-10-29T11:45:27","slug":"2o-concurso-de-pintura-creando-libertad","status":"publish","type":"post","link":"https:\/\/elpueblonoticia.com.ar\/web\/2025\/10\/29\/2o-concurso-de-pintura-creando-libertad\/","title":{"rendered":"2\u00ba CONCURSO DE PINTURA \u201cCREANDO LIBERTAD\u201d"},"content":{"rendered":"<p data-olk-copy-source=\"MessageBody\"><img loading=\"lazy\" decoding=\"async\" class=\"alignnone size-medium wp-image-2674\" src=\"https:\/\/elpueblonoticia.com.ar\/web\/wp-content\/uploads\/2025\/10\/Concurso-de-Pintura-Iternos-Pean-8-7-obras-ganadoras-169x300.jpg\" alt=\"\" width=\"169\" height=\"300\" srcset=\"https:\/\/elpueblonoticia.com.ar\/web\/wp-content\/uploads\/2025\/10\/Concurso-de-Pintura-Iternos-Pean-8-7-obras-ganadoras-169x300.jpg 169w, https:\/\/elpueblonoticia.com.ar\/web\/wp-content\/uploads\/2025\/10\/Concurso-de-Pintura-Iternos-Pean-8-7-obras-ganadoras-576x1024.jpg 576w, https:\/\/elpueblonoticia.com.ar\/web\/wp-content\/uploads\/2025\/10\/Concurso-de-Pintura-Iternos-Pean-8-7-obras-ganadoras-768x1365.jpg 768w, https:\/\/elpueblonoticia.com.ar\/web\/wp-content\/uploads\/2025\/10\/Concurso-de-Pintura-Iternos-Pean-8-7-obras-ganadoras-864x1536.jpg 864w, https:\/\/elpueblonoticia.com.ar\/web\/wp-content\/uploads\/2025\/10\/Concurso-de-Pintura-Iternos-Pean-8-7-obras-ganadoras-236x420.jpg 236w, https:\/\/elpueblonoticia.com.ar\/web\/wp-content\/uploads\/2025\/10\/Concurso-de-Pintura-Iternos-Pean-8-7-obras-ganadoras-696x1237.jpg 696w, https:\/\/elpueblonoticia.com.ar\/web\/wp-content\/uploads\/2025\/10\/Concurso-de-Pintura-Iternos-Pean-8-7-obras-ganadoras.jpg 900w\" sizes=\"auto, (max-width: 169px) 100vw, 169px\" \/><img loading=\"lazy\" decoding=\"async\" class=\"alignnone size-medium wp-image-2675\" src=\"https:\/\/elpueblonoticia.com.ar\/web\/wp-content\/uploads\/2025\/10\/Concurso-de-Pintura-Iternos-Pean-8-6-obras-ganadoras-169x300.jpg\" alt=\"\" width=\"169\" height=\"300\" srcset=\"https:\/\/elpueblonoticia.com.ar\/web\/wp-content\/uploads\/2025\/10\/Concurso-de-Pintura-Iternos-Pean-8-6-obras-ganadoras-169x300.jpg 169w, https:\/\/elpueblonoticia.com.ar\/web\/wp-content\/uploads\/2025\/10\/Concurso-de-Pintura-Iternos-Pean-8-6-obras-ganadoras-576x1024.jpg 576w, https:\/\/elpueblonoticia.com.ar\/web\/wp-content\/uploads\/2025\/10\/Concurso-de-Pintura-Iternos-Pean-8-6-obras-ganadoras-768x1365.jpg 768w, https:\/\/elpueblonoticia.com.ar\/web\/wp-content\/uploads\/2025\/10\/Concurso-de-Pintura-Iternos-Pean-8-6-obras-ganadoras-864x1536.jpg 864w, https:\/\/elpueblonoticia.com.ar\/web\/wp-content\/uploads\/2025\/10\/Concurso-de-Pintura-Iternos-Pean-8-6-obras-ganadoras-236x420.jpg 236w, https:\/\/elpueblonoticia.com.ar\/web\/wp-content\/uploads\/2025\/10\/Concurso-de-Pintura-Iternos-Pean-8-6-obras-ganadoras-696x1237.jpg 696w, https:\/\/elpueblonoticia.com.ar\/web\/wp-content\/uploads\/2025\/10\/Concurso-de-Pintura-Iternos-Pean-8-6-obras-ganadoras.jpg 900w\" sizes=\"auto, (max-width: 169px) 100vw, 169px\" \/><\/p>\n<p class=\"x_MsoNormal\" data-olk-copy-source=\"MessageBody\">Organizado por el Programa \u201cTaragui Koe\u201d con el acompa\u00f1amiento de la Municipalidad se llev\u00f3 adelante la segunda edici\u00f3n de este certamen de pintura, en la tarde del martes en la Unidad Penal 8 de Goya.<\/p>\n<p class=\"x_MsoNormal\" aria-hidden=\"true\">\n<p class=\"x_MsoNormal\">La particularidad del certamen, la mirada inclusiva, es un concurso destinado a la participaci\u00f3n de los Internos de la Unidad Penitenciaria 8 de nuestra ciudad, acompa\u00f1ados por artistas pl\u00e1sticos del Grupo \u201cChamigo Pintores\u201d, de la competencia \u00fanicamente participaron 22 internos de la mencionada Unidad Penal, considerando que la poblaci\u00f3n total es mayor a ese n\u00famero.<\/p>\n<p class=\"x_MsoNormal\" aria-hidden=\"true\">\n<p class=\"x_MsoNormal\">Acompa\u00f1aron el certamen art\u00edstico, el Director de Cultura Manuel Zampar, el Alcaide del Servicio Penitenciario Diego Dumullar, el Coordinador del \u201cPintemos Goya\u201d el artista pl\u00e1stico Leonardo Ramirez Boll y la profesora de arte que acompa\u00f1a a los internos en este proyecto Laura Brest.<\/p>\n<p class=\"x_MsoNormal\" aria-hidden=\"true\">\n<p class=\"x_MsoNormal\">Este concurso que es el segundo a\u00f1o que se realiza, no tiene como objetivo solamente distinguir, reconocer o premiar a los participantes, sino desde el arte la posibilidad de otorgar oportunidades para expresar emociones, sentimientos, de all\u00ed el nombre del certamen \u201cCreando Libertad\u201d, potenciar las cualidades de los \u201creclusos\u201d brindando o creando opciones en su futura reinserci\u00f3n social, de all\u00ed el valor de esta convocatoria, la decisi\u00f3n de acompa\u00f1ar desde el Estado Municipal, con la provisi\u00f3n de los elementos y accesorios para la creaci\u00f3n art\u00edstica (pintura, \u201clienzo\u201d papel, pinceles) lo que lo hace \u00fanico en gran parte del pa\u00eds al mencionado concurso.<\/p>\n<p class=\"x_MsoNormal\" aria-hidden=\"true\">\n<p class=\"x_MsoNormal\">Otro de los aspectos destacados es el Padrinazgo por parte del reconocido a nivel nacional certamen de manchas de nuestra ciudad, \u201cPintemos Goya\u201d, incluso se ha invitado con la debida antelaci\u00f3n para que puedan ser parte de la edici\u00f3n 2026, a los 22 participantes de este certamen.<\/p>\n<p class=\"x_MsoNormal\" aria-hidden=\"true\">\n<p class=\"x_MsoNormal\">Como todo certamen, cont\u00f3 con un \u201ccalificado\u201d jurado que despu\u00e9s de finalizar el trabajo art\u00edstico los concursantes, Cecilia Alonso, Manuel Caama\u00f1o y Lucia Oviedo, dieron a conocer el correspondiente resultado, siendo distinguidos como las mejores obras 3 y 4 menciones especiales.<\/p>\n<p class=\"x_MsoNormal\" aria-hidden=\"true\">\n<p class=\"x_MsoNormal\">Menciones<\/p>\n<p class=\"x_MsoNormal\">Cristian Almir\u00f3n<\/p>\n<p class=\"x_MsoNormal\">Mario Argentino S\u00e1nchez<\/p>\n<p class=\"x_MsoNormal\">Carlos Pozzer<\/p>\n<p class=\"x_MsoNormal\">Juan Ram\u00f3n Lopez<\/p>\n<p class=\"x_MsoNormal\" aria-hidden=\"true\">\n<p class=\"x_MsoNormal\">Ganadores:<\/p>\n<p class=\"x_MsoNormal\">1\u00ba Federico Mendoza<\/p>\n<p class=\"x_MsoNormal\">2\u00ba Cristian Ramos Viglieca<\/p>\n<p class=\"x_MsoNormal\">3\u00ba Daniel Aguirre<\/p>\n<p class=\"x_MsoNormal\" aria-hidden=\"true\">\n<p class=\"x_MsoNormal\">Para concluir el concurso \u201cCreando Libertad\u201d los integrantes del jurado, el Director de Cultura Manuel Zampar, el Coordinador del \u201cPintemos Goya\u201d, la profesora Laura Brest y el Alcaide Diego Dumullar reconocieron la creatividad de los concursantes, entregaron las distinciones respectivas, por su parte el Funcionario del Servicio Penitenciario, agradeci\u00f3 a la Municipalidad, por su permanente apoyo, en varias acciones hacia los internos del Penal, considerando de vital importancia la presencia de los funcionarios en estas propuestas, en este caso art\u00edstica, poniendo el acento en la mirada y acci\u00f3n concreta de inclusi\u00f3n, agradeciendo por la invitaci\u00f3n para ser parte del pr\u00f3ximo \u201cPintemos Goya\u201d.<\/p>\n<p class=\"x_MsoNormal\" aria-hidden=\"true\">\n<p class=\"x_MsoNormal\">De igual modo el Director de Cultura reconoci\u00f3 la labor del servicio penitenciario y de la propuesta integral del programa \u201cTaragui Koe\u201d que permite estas iniciativas, reconociendo a cada uno de ellos su condici\u00f3n de personas.<\/p>\n<p class=\"x_MsoNormal\" aria-hidden=\"true\">\n","protected":false},"excerpt":{"rendered":"<p>Organizado por el Programa \u201cTaragui Koe\u201d con el acompa\u00f1amiento de la Municipalidad se llev\u00f3 adelante la segunda edici\u00f3n de este certamen de pintura, en la tarde del martes en la Unidad Penal 8 de Goya. La particularidad del certamen, la mirada inclusiva, es un concurso destinado a la participaci\u00f3n de los Internos de la Unidad [&hellip;]<\/p>\n","protected":false},"author":2,"featured_media":2673,"comment_status":"open","ping_status":"open","sticky":false,"template":"","format":"standard","meta":{"footnotes":""},"categories":[56],"tags":[],"class_list":{"0":"post-2672","1":"post","2":"type-post","3":"status-publish","4":"format-standard","5":"has-post-thumbnail","7":"category-locales"},"_links":{"self":[{"href":"https:\/\/elpueblonoticia.com.ar\/web\/wp-json\/wp\/v2\/posts\/2672","targetHints":{"allow":["GET"]}}],"collection":[{"href":"https:\/\/elpueblonoticia.com.ar\/web\/wp-json\/wp\/v2\/posts"}],"about":[{"href":"https:\/\/elpueblonoticia.com.ar\/web\/wp-json\/wp\/v2\/types\/post"}],"author":[{"embeddable":true,"href":"https:\/\/elpueblonoticia.com.ar\/web\/wp-json\/wp\/v2\/users\/2"}],"replies":[{"embeddable":true,"href":"https:\/\/elpueblonoticia.com.ar\/web\/wp-json\/wp\/v2\/comments?post=2672"}],"version-history":[{"count":0,"href":"https:\/\/elpueblonoticia.com.ar\/web\/wp-json\/wp\/v2\/posts\/2672\/revisions"}],"wp:featuredmedia":[{"embeddable":true,"href":"https:\/\/elpueblonoticia.com.ar\/web\/wp-json\/wp\/v2\/media\/2673"}],"wp:attachment":[{"href":"https:\/\/elpueblonoticia.com.ar\/web\/wp-json\/wp\/v2\/media?parent=2672"}],"wp:term":[{"taxonomy":"category","embeddable":true,"href":"https:\/\/elpueblonoticia.com.ar\/web\/wp-json\/wp\/v2\/categories?post=2672"},{"taxonomy":"post_tag","embeddable":true,"href":"https:\/\/elpueblonoticia.com.ar\/web\/wp-json\/wp\/v2\/tags?post=2672"}],"curies":[{"name":"wp","href":"https:\/\/api.w.org\/{rel}","templated":true}]}}