{"id":2663,"date":"2025-10-29T08:06:12","date_gmt":"2025-10-29T11:06:12","guid":{"rendered":"https:\/\/elpueblonoticia.com.ar\/web\/?p=2663"},"modified":"2025-10-29T08:06:12","modified_gmt":"2025-10-29T11:06:12","slug":"intendente-hormaechea-participo-del-acto-en-memoria-de-los-caidos-y-en-conmemoracion-de-la-gesta-del-guardacostas-gc-83-rio-iguazu","status":"publish","type":"post","link":"https:\/\/elpueblonoticia.com.ar\/web\/2025\/10\/29\/intendente-hormaechea-participo-del-acto-en-memoria-de-los-caidos-y-en-conmemoracion-de-la-gesta-del-guardacostas-gc-83-rio-iguazu\/","title":{"rendered":"INTENDENTE HORMAECHEA PARTICIP\u00d3 DEL ACTO EN MEMORIA DE LOS CA\u00cdDOS Y EN CONMEMORACI\u00d3N DE LA GESTA DEL GUARDACOSTAS GC-83 \u201cR\u00cdO IGUAZ\u00da\u201d"},"content":{"rendered":"<p data-olk-copy-source=\"MessageBody\"><img loading=\"lazy\" decoding=\"async\" class=\"alignnone  wp-image-2665\" src=\"https:\/\/elpueblonoticia.com.ar\/web\/wp-content\/uploads\/2025\/10\/FotoJet-10-300x234.jpg\" alt=\"\" width=\"674\" height=\"526\" srcset=\"https:\/\/elpueblonoticia.com.ar\/web\/wp-content\/uploads\/2025\/10\/FotoJet-10-300x234.jpg 300w, https:\/\/elpueblonoticia.com.ar\/web\/wp-content\/uploads\/2025\/10\/FotoJet-10-1024x798.jpg 1024w, https:\/\/elpueblonoticia.com.ar\/web\/wp-content\/uploads\/2025\/10\/FotoJet-10-768x598.jpg 768w, https:\/\/elpueblonoticia.com.ar\/web\/wp-content\/uploads\/2025\/10\/FotoJet-10-1536x1197.jpg 1536w, https:\/\/elpueblonoticia.com.ar\/web\/wp-content\/uploads\/2025\/10\/FotoJet-10-2048x1595.jpg 2048w, https:\/\/elpueblonoticia.com.ar\/web\/wp-content\/uploads\/2025\/10\/FotoJet-10-539x420.jpg 539w, https:\/\/elpueblonoticia.com.ar\/web\/wp-content\/uploads\/2025\/10\/FotoJet-10-696x542.jpg 696w, https:\/\/elpueblonoticia.com.ar\/web\/wp-content\/uploads\/2025\/10\/FotoJet-10-1068x832.jpg 1068w\" sizes=\"auto, (max-width: 674px) 100vw, 674px\" \/><\/p>\n<p class=\"x_MsoNormal\" data-olk-copy-source=\"MessageBody\">En la ma\u00f1ana de este martes, el Casino de Suboficiales de Prefectura Goya fue escenario de una ceremonia en homenaje a los h\u00e9roes de la Guerra de Malvinas, en especial a los hombres de la Prefectura Naval Argentina que participaron en la hist\u00f3rica batalla aeronaval.<\/p>\n<p class=\"x_MsoNormal\">Durante el acto se realiz\u00f3 la entrega de un diorama y el descubrimiento de la maqueta del Guardacostas GC-83 \u201cR\u00edo Iguaz\u00fa\u201d, s\u00edmbolo de valent\u00eda y sacrificio en aquella contienda del Atl\u00e1ntico Sur.<\/p>\n<p class=\"x_MsoNormal\">El intendente de Goya, doctor Mariano Hormaechea, acompa\u00f1\u00f3 este significativo acto conmemorativo, compartiendo junto a las autoridades de la fuerza, familiares de veteranos y comunidad en general un profundo momento de memoria y reconocimiento.<\/p>\n<p class=\"x_MsoNormal\">Junto al prefecto de Goya, Waldir Reinaldo Nacke, el jefe comunal realiz\u00f3 el saludo de tropas, tras lo cual se entonaron las estrofas del Himno Nacional Argentino, dando inicio a una ceremonia. La invocaci\u00f3n religiosa estuvo a cargo del obispo monse\u00f1or Adolfo Canec\u00edn, quien ofreci\u00f3 palabras de reflexi\u00f3n por los ca\u00eddos en combate.<\/p>\n<p class=\"x_MsoNormal\">PREFECTO NACKE<\/p>\n<p class=\"x_MsoNormal\">En su alocuci\u00f3n, el prefecto Waldir Reinaldo Nacke expres\u00f3: \u201cEstamos aqu\u00ed reunidos para honrar la memoria de todos aquellos hombres que cayeron en las Islas Malvinas y, en particular, para conmemorar la batalla aeronaval desarrollada por nuestros hombres de la Prefectura\u201d.<\/p>\n<p class=\"x_MsoNormal\">Nacke relat\u00f3 con detalle la heroica acci\u00f3n del Guardacostas PNA GC-83 \u201cR\u00edo Iguaz\u00fa\u201d, que el 22 de mayo de 1982 zarp\u00f3 hacia Puerto Darwin transportando dos bater\u00edas de artiller\u00eda y quince hombres del Ej\u00e9rcito Argentino. A las 8:25, la nave fue atacada por dos aviones ingleses, repeliendo el ataque con sus propias ametralladoras y derribando uno de los aparatos enemigos. En el combate perdi\u00f3 la vida el cabo segundo Julio Omar Ben\u00edtez, mientras operaba su puesto de defensa. Tambi\u00e9n resultaron heridos varios tripulantes, entre ellos el oficial principal Gabino Gonz\u00e1lez y el ayudante de tercera Juan Jos\u00e9 Bacaro\u201d.<\/p>\n<p class=\"x_MsoNormal\">\u201cEn esa oportunidad, el cabo segundo Jos\u00e9 Ra\u00fal Ib\u00e1\u00f1ez tom\u00f3 la posici\u00f3n que ocupaba Ben\u00edtez y, con el mismo armamento, repeli\u00f3 la agresi\u00f3n logrando derribar a uno de los aparatos enemigos\u201d, record\u00f3 Nacke.<\/p>\n<p class=\"x_MsoNormal\">\u201cDebido a los da\u00f1os sufridos, el buque fue encallado en cercan\u00edas de Bah\u00eda Botton, siendo posteriormente evacuada su tripulaci\u00f3n a Puerto Argentino. El prefecto tambi\u00e9n evoc\u00f3 el entierro del h\u00e9roe Julio Omar Ben\u00edtez, ocurrido el 24 de mayo de 1982, con honores militares y presencia de diversas fuerzas argentinas\u201d.<\/p>\n<p class=\"x_MsoNormal\">SERGIO ALEJANDRO FERRAGUT<\/p>\n<p class=\"x_MsoNormal\">El homenaje continu\u00f3 con la palabra del modelista naval, profesor Sergio Alejandro Ferragut, autor del diorama entregado a la Prefectura, quien expres\u00f3 su gratitud y el significado de esta obra de arte hist\u00f3rico: \u201cAgradezco profundamente a la instituci\u00f3n y al prefecto por haber comprendido de inmediato el prop\u00f3sito de este trabajo. Este diorama representa un cap\u00edtulo muy importante de la gesta de Malvinas, donde el guardacostas cumpli\u00f3 su misi\u00f3n con gran valent\u00eda y arrojo\u201d.<\/p>\n<p class=\"x_MsoNormal\">Ferragut destac\u00f3 que el \u201cR\u00edo Iguaz\u00fa\u201d y el \u201cR\u00edo Malvinas\u201d, embarcaciones dise\u00f1adas para navegar en r\u00edos, cruzaron las 600 millas del Atl\u00e1ntico Sur en condiciones extremas, una proeza que a\u00fan hoy merece reconocimiento.<\/p>\n<p class=\"x_MsoNormal\">\u201cEsta tarea forma parte del compromiso de los modelistas de seguir malvinizando, rescatando historias y valores para que nunca se olvide el coraje de quienes nos representaron en la guerra\u201d, concluy\u00f3 el profesor.<\/p>\n","protected":false},"excerpt":{"rendered":"<p>En la ma\u00f1ana de este martes, el Casino de Suboficiales de Prefectura Goya fue escenario de una ceremonia en homenaje a los h\u00e9roes de la Guerra de Malvinas, en especial a los hombres de la Prefectura Naval Argentina que participaron en la hist\u00f3rica batalla aeronaval. Durante el acto se realiz\u00f3 la entrega de un diorama [&hellip;]<\/p>\n","protected":false},"author":2,"featured_media":2664,"comment_status":"open","ping_status":"open","sticky":false,"template":"","format":"standard","meta":{"footnotes":""},"categories":[56],"tags":[],"class_list":{"0":"post-2663","1":"post","2":"type-post","3":"status-publish","4":"format-standard","5":"has-post-thumbnail","7":"category-locales"},"_links":{"self":[{"href":"https:\/\/elpueblonoticia.com.ar\/web\/wp-json\/wp\/v2\/posts\/2663","targetHints":{"allow":["GET"]}}],"collection":[{"href":"https:\/\/elpueblonoticia.com.ar\/web\/wp-json\/wp\/v2\/posts"}],"about":[{"href":"https:\/\/elpueblonoticia.com.ar\/web\/wp-json\/wp\/v2\/types\/post"}],"author":[{"embeddable":true,"href":"https:\/\/elpueblonoticia.com.ar\/web\/wp-json\/wp\/v2\/users\/2"}],"replies":[{"embeddable":true,"href":"https:\/\/elpueblonoticia.com.ar\/web\/wp-json\/wp\/v2\/comments?post=2663"}],"version-history":[{"count":0,"href":"https:\/\/elpueblonoticia.com.ar\/web\/wp-json\/wp\/v2\/posts\/2663\/revisions"}],"wp:featuredmedia":[{"embeddable":true,"href":"https:\/\/elpueblonoticia.com.ar\/web\/wp-json\/wp\/v2\/media\/2664"}],"wp:attachment":[{"href":"https:\/\/elpueblonoticia.com.ar\/web\/wp-json\/wp\/v2\/media?parent=2663"}],"wp:term":[{"taxonomy":"category","embeddable":true,"href":"https:\/\/elpueblonoticia.com.ar\/web\/wp-json\/wp\/v2\/categories?post=2663"},{"taxonomy":"post_tag","embeddable":true,"href":"https:\/\/elpueblonoticia.com.ar\/web\/wp-json\/wp\/v2\/tags?post=2663"}],"curies":[{"name":"wp","href":"https:\/\/api.w.org\/{rel}","templated":true}]}}