{"id":2653,"date":"2025-10-29T07:44:34","date_gmt":"2025-10-29T10:44:34","guid":{"rendered":"https:\/\/elpueblonoticia.com.ar\/web\/?p=2653"},"modified":"2025-10-29T07:44:34","modified_gmt":"2025-10-29T10:44:34","slug":"emplazamiento-e-inauguracion-del-nuevo-mastil-gimnasio-escolar-c-e-f-n9","status":"publish","type":"post","link":"https:\/\/elpueblonoticia.com.ar\/web\/2025\/10\/29\/emplazamiento-e-inauguracion-del-nuevo-mastil-gimnasio-escolar-c-e-f-n9\/","title":{"rendered":"Emplazamiento e inauguraci\u00f3n del nuevo m\u00e1stil Gimnasio Escolar C.E.F N\u00b09."},"content":{"rendered":"<p data-olk-copy-source=\"MessageBody\"><img loading=\"lazy\" decoding=\"async\" class=\"alignnone  wp-image-2655\" src=\"https:\/\/elpueblonoticia.com.ar\/web\/wp-content\/uploads\/2025\/10\/FotoJet-9-300x272.jpg\" alt=\"\" width=\"684\" height=\"620\" srcset=\"https:\/\/elpueblonoticia.com.ar\/web\/wp-content\/uploads\/2025\/10\/FotoJet-9-300x272.jpg 300w, https:\/\/elpueblonoticia.com.ar\/web\/wp-content\/uploads\/2025\/10\/FotoJet-9-1024x929.jpg 1024w, https:\/\/elpueblonoticia.com.ar\/web\/wp-content\/uploads\/2025\/10\/FotoJet-9-768x696.jpg 768w, https:\/\/elpueblonoticia.com.ar\/web\/wp-content\/uploads\/2025\/10\/FotoJet-9-1536x1393.jpg 1536w, https:\/\/elpueblonoticia.com.ar\/web\/wp-content\/uploads\/2025\/10\/FotoJet-9-463x420.jpg 463w, https:\/\/elpueblonoticia.com.ar\/web\/wp-content\/uploads\/2025\/10\/FotoJet-9-696x631.jpg 696w, https:\/\/elpueblonoticia.com.ar\/web\/wp-content\/uploads\/2025\/10\/FotoJet-9-1068x968.jpg 1068w, https:\/\/elpueblonoticia.com.ar\/web\/wp-content\/uploads\/2025\/10\/FotoJet-9.jpg 2038w\" sizes=\"auto, (max-width: 684px) 100vw, 684px\" \/><\/p>\n<p class=\"x_MsoNormal\" data-olk-copy-source=\"MessageBody\">LUGAR QUE REPRESENTA LA HISTORIA Y EL VALOR DE LA EDUCACI\u00d3N F\u00cdSICA EN GOYA<\/p>\n<p class=\"x_MsoNormal\">En la ma\u00f1ana del martes 28 de octubre, el Gimnasio Escolar de Goya vivi\u00f3 una jornada\u00a0 emotiva y de vivencia institucional con el emplazamiento del nuevo m\u00e1stil y posterior izamiento de la Bandera Nacional Argentina. Para que con la presencia de este s\u00edmbolo patrio, inspire siempre a mirar hacia lo alto, con esperanza, unidad y orgullo argentino.<\/p>\n<p class=\"x_MsoNormal\">Este Centro de Educaci\u00f3n F\u00edsica \u00a0emblem\u00e1tico, que diariamente alberga m\u00faltiples actividades deportivas y educativas para los estudiantes y la comunidad goyana, reafirm\u00f3 su compromiso con los valores patrios y la educaci\u00f3n f\u00edsica.<\/p>\n<p class=\"x_MsoNormal\">En una ceremonia qued\u00f3 inaugurada esta nueva estructura con la participaci\u00f3n del Intendente Municipal de Goya, doctor Mariano Hormaechea; el Director del Centro Profesores de Educaci\u00f3n F\u00edsica, profesor Mariano L\u00f3pez; el profesor Hugo Rebecchi; el ex intendente, profesor Gerardo Bassi; el Secretario de Obras P\u00fablicas y Servicios Guillermo Peluffo y Director de Deportes Alejandro Lago; \u00a0entre otros profesores y profesoras, referentes de la educaci\u00f3n y el deporte.<\/p>\n<p class=\"x_MsoNormal\">Los trabajos de construcci\u00f3n y colocaci\u00f3n del nuevo m\u00e1stil estuvieron a cargo de la Secretar\u00eda de Obras y Servicios P\u00fablicos, tarea que llev\u00f3 adelante el operario Carlos G\u00f3mez, personal municipal del \u00e1rea mencionada, recibi\u00f3 un reconocimiento, como muestra del sincero agradecimiento del CPEF, la entrega a cargo del profesor M\u00e1ximo Oviedo acompa\u00f1ado por el intendente Mariano Hormaechea.<\/p>\n<p class=\"x_MsoNormal\">El gimnasio, reconocido por su amplia oferta deportiva y su rol formativo, contin\u00faa siendo un pilar en el desarrollo integral de adolescentes, j\u00f3venes y adultos, promoviendo el trabajo en equipo, la disciplina y el sentido de pertenencia. El nuevo m\u00e1stil representa el fruto del trabajo conjunto, del compromiso y del profundo amor por la instituci\u00f3n. Adem\u00e1s, este espacio ser\u00e1 tambi\u00e9n el lugar de albergue juvenil en distintas competencias escolares deportivas, promoviendo el compa\u00f1erismo, el respeto y los valores que identifican a nuestra comunidad educativa.<\/p>\n<p class=\"x_MsoNormal\">Durante la ceremonia<\/p>\n<p class=\"x_MsoNormal\">PROFESOR MARIANO L\u00d3PEZ<\/p>\n<p class=\"x_MsoNormal\">El profesor Mariano L\u00f3pez, Director del Centro de Profesores de Educaci\u00f3n F\u00edsica, destac\u00f3 la importancia de concretar un anhelo compartido: \u201cCon la comisi\u00f3n ten\u00edamos esta inquietud de trasladar este m\u00e1stil que estaba sobre la avenida, que no se utilizaba, y se hizo realidad a trav\u00e9s de la gesti\u00f3n de la Municipalidad y del artesano que se encarg\u00f3 de que volviera a ser el mismo m\u00e1stil.\u201d<\/p>\n<p class=\"x_MsoNormal\">L\u00f3pez tambi\u00e9n puso en valor la memoria y el legado del lugar, resaltando el v\u00ednculo con quienes fueron parte de su historia: \u201cTiene un poquito de historia ac\u00e1 con Hugo Rebecchi, que por ah\u00ed nos puede ayudar porque es el que nos cuenta siempre la historia de este gimnasio.\u201d<\/p>\n<p class=\"x_MsoNormal\">Finalmente, el profesor expres\u00f3 su gratitud hacia todos los que hicieron posible este logro: \u201cAgradecerle y compartir este momento tan grato con ustedes la presencia. Gracias Mariano, Guillermo y a todas las comisiones y a los profes.\u201d<\/p>\n<p class=\"x_MsoNormal\">PROFESOR HUGO REBECCHI<\/p>\n<p class=\"x_MsoNormal\">Por su parte, el profesor Hugo Rebecchi emocion\u00f3 a los presentes al compartir un valioso testimonio hist\u00f3rico sobre los or\u00edgenes del gimnasio: \u201cLes cuento a todos que lo viv\u00ed desde cuando estaba estudiando en Buenos Aires, que fue Malvicino a buscarme al instituto en San Fernando y nos fuimos para ir a la Direcci\u00f3n Nacional de Educaci\u00f3n F\u00edsica, que era en ese tiempo Muros el director.\u201d<\/p>\n<p class=\"x_MsoNormal\">Rebecchi record\u00f3 los inicios del proyecto con detalle: \u201c\u00bfY para qu\u00e9? Para pedirle permiso, para hacer una rifa, para construir esto, y \u00e9l le ped\u00eda para vender la rifa a todos los profesores de educaci\u00f3n f\u00edsica de la provincia, si \u00e9l le daba permiso.\u201d<\/p>\n<p class=\"x_MsoNormal\">El docente rememor\u00f3 adem\u00e1s los primeros pasos de su carrera y la conformaci\u00f3n de la comisi\u00f3n fundadora: \u201cCuando era Wenseslao D\u00edaz Colodrero el presidente, Malvicino de secretario, Carmen Brest de tesorera, Mar\u00eda Luisa Grosso, Nocetti, \u00c1ngel Saturnino Blanco (\u2018Chacho\u2019), Betty Retamozo y Elsa Rabufetti, y se realiz\u00f3 la reuni\u00f3n en la casa de Carmen Brest frente a la plaza, el 31 de agosto de 1962.\u201d<\/p>\n<p class=\"x_MsoNormal\">Y a\u00f1adi\u00f3 con orgullo: \u201cMe recib\u00ed el 16 de diciembre de 1963, y desde entonces dediqu\u00e9 mi vida a la docencia. Empec\u00e9 en la Escuela Normal, el Colegio Nacional, la Escuela T\u00e9cnica y tambi\u00e9n en el Alberti, donde fui de los primeros profesores. Me jubil\u00e9 en 2004.\u201d<\/p>\n<p class=\"x_MsoNormal\">INTENDENTE MARIANO HORMAECHEA: \u201cESTE LUGAR REPRESENTA LA HISTORIA Y EL VALOR DE LA EDUCACI\u00d3N F\u00cdSICA EN GOYA\u201d<\/p>\n<p class=\"x_MsoNormal\">El intendente de Goya, doctor Mariano Hormaechea, agradeci\u00f3 la invitaci\u00f3n y destac\u00f3 la importancia simb\u00f3lica y educativa del gimnasio: \u201cGracias por la invitaci\u00f3n, y ah\u00ed la historia un poco se representa el valor simb\u00f3lico que tiene, pero tambi\u00e9n el valor para todo lo que tiene que ver con la educaci\u00f3n f\u00edsica de la ciudad.\u201d<\/p>\n<p class=\"x_MsoNormal\">Subray\u00f3 adem\u00e1s el compromiso del municipio en acompa\u00f1ar su crecimiento: \u201cSabemos de la importancia que tiene este lugar, que es el Gimnasio Escolar, por el que creo que todos pasamos de alguna u otra manera. De ah\u00ed la importancia de que podamos colaborar y seguir ayudando para que esto crezca en infraestructura.\u201d<\/p>\n<p class=\"x_MsoNormal\">En relaci\u00f3n a los proyectos en marcha, Hormaechea adelant\u00f3: \u201cTenemos ahora el tema de la pileta, que es el gran sue\u00f1o que tenemos todos. Estamos empujando para que esto avance; se va a terminar. Puede haber demoras, pero la idea es lograr esa pileta que ser\u00e1 muy importante para toda la ciudad.\u201d<\/p>\n<p class=\"x_MsoNormal\">Sobre la ubicaci\u00f3n elegida, explic\u00f3: \u201cMe parece que la decisi\u00f3n de hacerlo en este lugar es la m\u00e1s acertada, porque va a tener funcionalidad y una administraci\u00f3n que permitir\u00e1 que todos podamos utilizarla.\u201d<\/p>\n<p class=\"x_MsoNormal\">Finalmente, el jefe comunal comparti\u00f3 una an\u00e9cdota personal vinculada al gimnasio escolar de Goya: \u201cCuando est\u00e1bamos en el Instituto San Mart\u00edn entren\u00e1bamos ac\u00e1, en esta cancha, para un torneo intercolegial en C\u00f3rdoba. Ganamos con el Instituto San Mart\u00edn, cuyo profesor era Chain, y fuimos a competir a Mercedes, donde llegamos a la final pero la perdimos. Igualmente competimos contra grandes equipos como Corrientes.\u201d<\/p>\n<p class=\"x_MsoNormal\">Y concluy\u00f3 con un mensaje de compromiso y unidad: \u201cVamos a seguir trabajando juntos, y todo lo que podamos colaborar, lo vamos a hacer.\u201d<\/p>\n<p class=\"x_MsoNormal\">En el cierre del acto, se entreg\u00f3 un reconocimiento especial al se\u00f1or G\u00f3mez, en agradecimiento por su colaboraci\u00f3n en la obra, el cual fue otorgado por Alejandro M\u00e1ximo Oviedo en representaci\u00f3n de los profesores.<\/p>\n<p class=\"x_MsoNormal\">El Gimnasio Escolar de Goya, una vez m\u00e1s, se consolid\u00f3 como un espacio donde la historia, el deporte y la educaci\u00f3n se entrelazan, honrando la identidad y el esfuerzo colectivo de la comunidad goyana.<\/p>\n<p class=\"x_MsoNormal\" aria-hidden=\"true\">\n","protected":false},"excerpt":{"rendered":"<p>LUGAR QUE REPRESENTA LA HISTORIA Y EL VALOR DE LA EDUCACI\u00d3N F\u00cdSICA EN GOYA En la ma\u00f1ana del martes 28 de octubre, el Gimnasio Escolar de Goya vivi\u00f3 una jornada\u00a0 emotiva y de vivencia institucional con el emplazamiento del nuevo m\u00e1stil y posterior izamiento de la Bandera Nacional Argentina. Para que con la presencia de [&hellip;]<\/p>\n","protected":false},"author":2,"featured_media":2654,"comment_status":"open","ping_status":"open","sticky":false,"template":"","format":"standard","meta":{"footnotes":""},"categories":[78],"tags":[],"class_list":{"0":"post-2653","1":"post","2":"type-post","3":"status-publish","4":"format-standard","5":"has-post-thumbnail","7":"category-generales"},"_links":{"self":[{"href":"https:\/\/elpueblonoticia.com.ar\/web\/wp-json\/wp\/v2\/posts\/2653","targetHints":{"allow":["GET"]}}],"collection":[{"href":"https:\/\/elpueblonoticia.com.ar\/web\/wp-json\/wp\/v2\/posts"}],"about":[{"href":"https:\/\/elpueblonoticia.com.ar\/web\/wp-json\/wp\/v2\/types\/post"}],"author":[{"embeddable":true,"href":"https:\/\/elpueblonoticia.com.ar\/web\/wp-json\/wp\/v2\/users\/2"}],"replies":[{"embeddable":true,"href":"https:\/\/elpueblonoticia.com.ar\/web\/wp-json\/wp\/v2\/comments?post=2653"}],"version-history":[{"count":0,"href":"https:\/\/elpueblonoticia.com.ar\/web\/wp-json\/wp\/v2\/posts\/2653\/revisions"}],"wp:featuredmedia":[{"embeddable":true,"href":"https:\/\/elpueblonoticia.com.ar\/web\/wp-json\/wp\/v2\/media\/2654"}],"wp:attachment":[{"href":"https:\/\/elpueblonoticia.com.ar\/web\/wp-json\/wp\/v2\/media?parent=2653"}],"wp:term":[{"taxonomy":"category","embeddable":true,"href":"https:\/\/elpueblonoticia.com.ar\/web\/wp-json\/wp\/v2\/categories?post=2653"},{"taxonomy":"post_tag","embeddable":true,"href":"https:\/\/elpueblonoticia.com.ar\/web\/wp-json\/wp\/v2\/tags?post=2653"}],"curies":[{"name":"wp","href":"https:\/\/api.w.org\/{rel}","templated":true}]}}