{"id":2646,"date":"2025-10-28T21:40:22","date_gmt":"2025-10-29T00:40:22","guid":{"rendered":"https:\/\/elpueblonoticia.com.ar\/web\/?p=2646"},"modified":"2025-10-28T21:40:22","modified_gmt":"2025-10-29T00:40:22","slug":"aspirantes-de-la-escuela-de-policia-de-corrientes-exigen-practicas-profesionalizantes","status":"publish","type":"post","link":"https:\/\/elpueblonoticia.com.ar\/web\/2025\/10\/28\/aspirantes-de-la-escuela-de-policia-de-corrientes-exigen-practicas-profesionalizantes\/","title":{"rendered":"Aspirantes de la Escuela de Polic\u00eda de Corrientes Exigen Pr\u00e1cticas Profesionalizantes"},"content":{"rendered":"<p><strong>Informaci\u00f3n general<\/strong><\/p>\n<p>28 de Octubre de 2025<\/p>\n<div class=\"x14z9mp xat24cr x1lziwak x1vvkbs xtlvy1s x126k92a\">\n<div dir=\"auto\">Un grupo de aspirantes de segundo a\u00f1o de la Escuela de Polic\u00eda de Curuz\u00fa, Paso de los Libres y Goya ha hecho un llamado urgente a las autoridades pertinentes, incluyendo al Jefe de la Polic\u00eda, para expresar su descontento respecto a las irregularidades que han observado en su formaci\u00f3n.<\/div>\n<\/div>\n<div class=\"x14z9mp xat24cr x1lziwak x1vvkbs xtlvy1s x126k92a\">\n<div dir=\"auto\">Los aspirantes se\u00f1alan que, a diferencia de sus compa\u00f1eros de primer a\u00f1o, quienes est\u00e1n realizando pr\u00e1cticas profesionalizantes en diversas comisar\u00edas, ellos se ven obligados a permanecer en la sede de la escuela, donde se les asigna la tarea de supervisar a los nuevos ingresantes. Esta situaci\u00f3n ha generado frustraci\u00f3n entre los aspirantes de segundo a\u00f1o, quienes consideran injusto que se les designe un rol de &#8220;ni\u00f1eros&#8221; en vez de permitirles aplicar los conocimientos adquiridos en un entorno pr\u00e1ctico.<\/div>\n<\/div>\n<div class=\"x14z9mp xat24cr x1lziwak x1vvkbs xtlvy1s x126k92a\">\n<div dir=\"auto\">&#8220;Es inaceptable que nos mantengan en esta situaci\u00f3n, mientras nuestros compa\u00f1eros cuentan con la oportunidad de formarse en comisar\u00edas, donde ya llevan seis meses en pr\u00e1cticas. Nos sentimos menospreciados y desmotivados,&#8221; se\u00f1alaron en un comunicado.<\/div>\n<\/div>\n<div class=\"x14z9mp xat24cr x1lziwak x1vvkbs xtlvy1s x126k92a\">\n<div dir=\"auto\">Adem\u00e1s, los aspirantes expresaron que esta situaci\u00f3n ha creado tensiones entre ellos y sus compa\u00f1eros, lo que afecta el ambiente de aprendizaje. &#8220;Pedimos que el coordinador de nuestra sede nos autorice a realizar nuestras pr\u00e1cticas profesionalizantes. Esta es la \u00fanica forma en que podemos hacer llegar nuestra queja y ser escuchados,&#8221; concluyeron.<\/div>\n<\/div>\n<div class=\"x14z9mp xat24cr x1lziwak x1vvkbs xtlvy1s x126k92a\">\n<div dir=\"auto\">El grupo espera que su llamado sea atendido y que se tomen medidas para garantizar una formaci\u00f3n equitativa y adecuada para todos los aspirantes.<\/div>\n<div dir=\"auto\"><\/div>\n<\/div>\n<div dir=\"auto\">Fuente : Impacto Corrientes<\/div>\n","protected":false},"excerpt":{"rendered":"<p>Informaci\u00f3n general 28 de Octubre de 2025 Un grupo de aspirantes de segundo a\u00f1o de la Escuela de Polic\u00eda de Curuz\u00fa, Paso de los Libres y Goya ha hecho un llamado urgente a las autoridades pertinentes, incluyendo al Jefe de la Polic\u00eda, para expresar su descontento respecto a las irregularidades que han observado en su [&hellip;]<\/p>\n","protected":false},"author":2,"featured_media":2647,"comment_status":"open","ping_status":"open","sticky":false,"template":"","format":"standard","meta":{"footnotes":""},"categories":[68],"tags":[],"class_list":{"0":"post-2646","1":"post","2":"type-post","3":"status-publish","4":"format-standard","5":"has-post-thumbnail","7":"category-policiales-nacionales"},"_links":{"self":[{"href":"https:\/\/elpueblonoticia.com.ar\/web\/wp-json\/wp\/v2\/posts\/2646","targetHints":{"allow":["GET"]}}],"collection":[{"href":"https:\/\/elpueblonoticia.com.ar\/web\/wp-json\/wp\/v2\/posts"}],"about":[{"href":"https:\/\/elpueblonoticia.com.ar\/web\/wp-json\/wp\/v2\/types\/post"}],"author":[{"embeddable":true,"href":"https:\/\/elpueblonoticia.com.ar\/web\/wp-json\/wp\/v2\/users\/2"}],"replies":[{"embeddable":true,"href":"https:\/\/elpueblonoticia.com.ar\/web\/wp-json\/wp\/v2\/comments?post=2646"}],"version-history":[{"count":0,"href":"https:\/\/elpueblonoticia.com.ar\/web\/wp-json\/wp\/v2\/posts\/2646\/revisions"}],"wp:featuredmedia":[{"embeddable":true,"href":"https:\/\/elpueblonoticia.com.ar\/web\/wp-json\/wp\/v2\/media\/2647"}],"wp:attachment":[{"href":"https:\/\/elpueblonoticia.com.ar\/web\/wp-json\/wp\/v2\/media?parent=2646"}],"wp:term":[{"taxonomy":"category","embeddable":true,"href":"https:\/\/elpueblonoticia.com.ar\/web\/wp-json\/wp\/v2\/categories?post=2646"},{"taxonomy":"post_tag","embeddable":true,"href":"https:\/\/elpueblonoticia.com.ar\/web\/wp-json\/wp\/v2\/tags?post=2646"}],"curies":[{"name":"wp","href":"https:\/\/api.w.org\/{rel}","templated":true}]}}