{"id":2642,"date":"2025-10-28T17:20:53","date_gmt":"2025-10-28T20:20:53","guid":{"rendered":"https:\/\/elpueblonoticia.com.ar\/web\/?p=2642"},"modified":"2025-10-28T17:20:53","modified_gmt":"2025-10-28T20:20:53","slug":"un-auto-se-incendio-tras-impactar-contra-un-carpincho-en-la-ruta-14","status":"publish","type":"post","link":"https:\/\/elpueblonoticia.com.ar\/web\/2025\/10\/28\/un-auto-se-incendio-tras-impactar-contra-un-carpincho-en-la-ruta-14\/","title":{"rendered":"Un auto se incendi\u00f3 tras impactar contra un carpincho en la Ruta 14"},"content":{"rendered":"<p><strong>Policiales<\/strong><\/p>\n<p>28 de Octubre de 2025<\/p>\n<div class=\"x14z9mp xat24cr x1lziwak x1vvkbs xtlvy1s x126k92a\">\n<div dir=\"auto\">El hecho ocurri\u00f3 durante la madrugada de este martes, a pocos kil\u00f3metros de la ciudad de Paso de los Libres. Un autom\u00f3vil termin\u00f3 completamente incendiado luego de colisionar con un carpincho que se cruz\u00f3 sobre la cinta asf\u00e1ltica.<\/div>\n<\/div>\n<div class=\"x14z9mp xat24cr x1lziwak x1vvkbs xtlvy1s x126k92a\">\n<div dir=\"auto\">Afortunadamente, los dos ocupantes del veh\u00edculo lograron salir a tiempo y resultaron ilesos. Solo se registraron da\u00f1os materiales.<\/div>\n<\/div>\n<div class=\"x14z9mp xat24cr x1lziwak x1vvkbs xtlvy1s x126k92a\">\n<div dir=\"auto\">En el lugar trabajaron efectivos de la Comisar\u00eda Segunda, Bomberos Voluntarios de Paso de los Libres.<\/div>\n<div dir=\"auto\"><img loading=\"lazy\" decoding=\"async\" class=\"alignnone size-medium wp-image-2643\" src=\"https:\/\/elpueblonoticia.com.ar\/web\/wp-content\/uploads\/2025\/10\/571211252_1146852087421927_6646361988017711290_n-300x159.jpg\" alt=\"\" width=\"300\" height=\"159\" srcset=\"https:\/\/elpueblonoticia.com.ar\/web\/wp-content\/uploads\/2025\/10\/571211252_1146852087421927_6646361988017711290_n-300x159.jpg 300w, https:\/\/elpueblonoticia.com.ar\/web\/wp-content\/uploads\/2025\/10\/571211252_1146852087421927_6646361988017711290_n-768x408.jpg 768w, https:\/\/elpueblonoticia.com.ar\/web\/wp-content\/uploads\/2025\/10\/571211252_1146852087421927_6646361988017711290_n-791x420.jpg 791w, https:\/\/elpueblonoticia.com.ar\/web\/wp-content\/uploads\/2025\/10\/571211252_1146852087421927_6646361988017711290_n-696x370.jpg 696w, https:\/\/elpueblonoticia.com.ar\/web\/wp-content\/uploads\/2025\/10\/571211252_1146852087421927_6646361988017711290_n.jpg 962w\" sizes=\"auto, (max-width: 300px) 100vw, 300px\" \/><\/div>\n<\/div>\n","protected":false},"excerpt":{"rendered":"<p>Policiales 28 de Octubre de 2025 El hecho ocurri\u00f3 durante la madrugada de este martes, a pocos kil\u00f3metros de la ciudad de Paso de los Libres. Un autom\u00f3vil termin\u00f3 completamente incendiado luego de colisionar con un carpincho que se cruz\u00f3 sobre la cinta asf\u00e1ltica. Afortunadamente, los dos ocupantes del veh\u00edculo lograron salir a tiempo y [&hellip;]<\/p>\n","protected":false},"author":2,"featured_media":2644,"comment_status":"open","ping_status":"open","sticky":false,"template":"","format":"standard","meta":{"footnotes":""},"categories":[77],"tags":[],"class_list":{"0":"post-2642","1":"post","2":"type-post","3":"status-publish","4":"format-standard","5":"has-post-thumbnail","7":"category-paso-de-los-libres"},"_links":{"self":[{"href":"https:\/\/elpueblonoticia.com.ar\/web\/wp-json\/wp\/v2\/posts\/2642","targetHints":{"allow":["GET"]}}],"collection":[{"href":"https:\/\/elpueblonoticia.com.ar\/web\/wp-json\/wp\/v2\/posts"}],"about":[{"href":"https:\/\/elpueblonoticia.com.ar\/web\/wp-json\/wp\/v2\/types\/post"}],"author":[{"embeddable":true,"href":"https:\/\/elpueblonoticia.com.ar\/web\/wp-json\/wp\/v2\/users\/2"}],"replies":[{"embeddable":true,"href":"https:\/\/elpueblonoticia.com.ar\/web\/wp-json\/wp\/v2\/comments?post=2642"}],"version-history":[{"count":0,"href":"https:\/\/elpueblonoticia.com.ar\/web\/wp-json\/wp\/v2\/posts\/2642\/revisions"}],"wp:featuredmedia":[{"embeddable":true,"href":"https:\/\/elpueblonoticia.com.ar\/web\/wp-json\/wp\/v2\/media\/2644"}],"wp:attachment":[{"href":"https:\/\/elpueblonoticia.com.ar\/web\/wp-json\/wp\/v2\/media?parent=2642"}],"wp:term":[{"taxonomy":"category","embeddable":true,"href":"https:\/\/elpueblonoticia.com.ar\/web\/wp-json\/wp\/v2\/categories?post=2642"},{"taxonomy":"post_tag","embeddable":true,"href":"https:\/\/elpueblonoticia.com.ar\/web\/wp-json\/wp\/v2\/tags?post=2642"}],"curies":[{"name":"wp","href":"https:\/\/api.w.org\/{rel}","templated":true}]}}