{"id":2637,"date":"2025-10-28T12:38:05","date_gmt":"2025-10-28T15:38:05","guid":{"rendered":"https:\/\/elpueblonoticia.com.ar\/web\/?p=2637"},"modified":"2025-10-28T12:38:05","modified_gmt":"2025-10-28T15:38:05","slug":"gustavo-valdes-destaco-el-triunfo-de-milei-pero-advirtio-que-debera-consensuar-con-otros-bloques-para-imponer-leyes","status":"publish","type":"post","link":"https:\/\/elpueblonoticia.com.ar\/web\/2025\/10\/28\/gustavo-valdes-destaco-el-triunfo-de-milei-pero-advirtio-que-debera-consensuar-con-otros-bloques-para-imponer-leyes\/","title":{"rendered":"Gustavo Vald\u00e9s destac\u00f3 el triunfo de Milei, pero advirti\u00f3 que deber\u00e1 consensuar con otros bloques para imponer leyes"},"content":{"rendered":"<div>\n<div class=\"article__headline\"><strong>El Gobernador de Corrientes analiz\u00f3 los resultados de las elecciones legislativas, destacando el ajustado triunfo local de Vamos Corrientes. La advertencia al presidente, a pesar del triunfo.<\/strong><\/div>\n<p>&nbsp;<\/p>\n<p>El gobernador\u00a0<strong>Gustavo Vald\u00e9s<\/strong>\u00a0realiz\u00f3 un an\u00e1lisis de los resultados de las elecciones legislativas nacionales, asegurando que a pesar de la victoria de\u00a0<strong>La Libertad Avanza (LLA)<\/strong>\u00a0en todo el pa\u00eds, al presidente\u00a0<strong>Javier Milei<\/strong>\u00a0no le alcanzar\u00e1n los votos para imponer su agenda legislativa en el\u00a0<strong>Congreso Nacional<\/strong>.<\/p>\n<p>El mandatario correntino, que destac\u00f3 el ajustado triunfo de\u00a0<strong>Vamos Corrientes<\/strong>\u00a0en la provincia por una diferencia de un punto sobre\u00a0<strong>LLA<\/strong>, insisti\u00f3 en la debilidad del oficialismo nacional en el Poder Legislativo.<\/p>\n<blockquote><p>&#8220;Siempre dije que el Gobierno nacional ten\u00eda\u00a0<strong>gran debilidad en el Congreso<\/strong>&#8220;, se\u00f1al\u00f3 Vald\u00e9s.<\/p><\/blockquote>\n<p>Indic\u00f3 que, si bien la elecci\u00f3n dej\u00f3 &#8220;m\u00e1s paridad&#8221; en ambas C\u00e1maras, el presidente deber\u00e1\u00a0<strong>consensuar<\/strong>\u00a0con otros bloques para lograr la aprobaci\u00f3n de sus proyectos legislativos. El gobernador celebr\u00f3 la banca obtenida por\u00a0<strong>Di\u00f3genes Gonz\u00e1lez<\/strong>\u00a0para que &#8220;verdaderamente defienda nuestros intereses en el Congreso de la Naci\u00f3n&#8221;.<\/p>\n<h2><strong>Provincias Unidas: la alternativa no kirchnerista<\/strong><\/h2>\n<p>Vald\u00e9s ratific\u00f3 el trabajo de la alianza\u00a0<strong>Provincias Unidas (PU)<\/strong>, que integra junto a otros gobernadores. Sostuvo que el espacio est\u00e1 enfocado en una agenda de ideas &#8220;productivas, industriales y tecnol\u00f3gicas, para que a Argentina le vaya bien, y fundamentalmente a nuestras provincias&#8221;.<\/p>\n<p>El gobernador admiti\u00f3 que el resultado nacional &#8220;no fue el esperado porque hubo mucha polarizaci\u00f3n&#8221;, pero destac\u00f3 el potencial de su espacio.<\/p>\n<blockquote><p>&#8220;Provincias Unidas somos una fuerza\u00a0<strong>no kirchnerista<\/strong>, por el contrario, surge a partir de que vemos de que no tenemos que volver al pasado&#8221;, afirm\u00f3 en La Naci\u00f3n +.<\/p><\/blockquote>\n<p>Vald\u00e9s indic\u00f3 que\u00a0<strong>PU<\/strong>\u00a0obtuvo casi\u00a0<strong>1.800.000 mil votos<\/strong>\u00a0en el pa\u00eds. Si esa cifra se sumara a todo el espacio no kirchnerista, &#8220;a lo mejor aportar\u00eda un triunfo en primera vuelta&#8221;, hipotetiz\u00f3.<\/p>\n<p>Sobre el rol que tomar\u00e1n los legisladores de\u00a0<strong>Provincias Unidas<\/strong>\u00a0en el Congreso, Vald\u00e9s se\u00f1al\u00f3 que a\u00fan no hay una posici\u00f3n tomada, sino que van a &#8220;dialogar entre los gobernadores&#8221;. No obstante, subray\u00f3 el objetivo de la coalici\u00f3n: &#8220;creemos que tenemos que construir una Argentina diferente&#8221;.<\/p>\n<\/div>\n<div class=\"s2s_supra_contenedor lang_directon_right s2sdefault  align_left  s2s_balloon_bottom \">\n<div class=\"s2s_contenedor  s2s_no_text  s2s-btn-group\">\n<div class=\"s2s_twitter s2s_btn s2s-btn-xs \">\n<div class=\"globo s2s_globo_closed s2s_twitter_iframe\"><\/div>\n<\/div>\n<div class=\"s2s_facebook s2s_btn s2s-btn-xs \">\n<div class=\"globo s2s_globo_closed s2s_facebook_iframe\"><\/div>\n<\/div>\n<div class=\"s2s_wapp s2s_btn s2s-btn-xs  \">\n<div class=\"globo s2s_globo_closed s2s_wapp_iframe\"><\/div>\n<\/div>\n<\/div>\n<div class=\"s2s_credits_wrapper\"><\/div>\n<\/div>\n","protected":false},"excerpt":{"rendered":"<p>El Gobernador de Corrientes analiz\u00f3 los resultados de las elecciones legislativas, destacando el ajustado triunfo local de Vamos Corrientes. La advertencia al presidente, a pesar del triunfo. &nbsp; El gobernador\u00a0Gustavo Vald\u00e9s\u00a0realiz\u00f3 un an\u00e1lisis de los resultados de las elecciones legislativas nacionales, asegurando que a pesar de la victoria de\u00a0La Libertad Avanza (LLA)\u00a0en todo el pa\u00eds, [&hellip;]<\/p>\n","protected":false},"author":2,"featured_media":2638,"comment_status":"open","ping_status":"open","sticky":false,"template":"","format":"standard","meta":{"footnotes":""},"categories":[66],"tags":[],"class_list":{"0":"post-2637","1":"post","2":"type-post","3":"status-publish","4":"format-standard","5":"has-post-thumbnail","7":"category-politica-nacionales"},"_links":{"self":[{"href":"https:\/\/elpueblonoticia.com.ar\/web\/wp-json\/wp\/v2\/posts\/2637","targetHints":{"allow":["GET"]}}],"collection":[{"href":"https:\/\/elpueblonoticia.com.ar\/web\/wp-json\/wp\/v2\/posts"}],"about":[{"href":"https:\/\/elpueblonoticia.com.ar\/web\/wp-json\/wp\/v2\/types\/post"}],"author":[{"embeddable":true,"href":"https:\/\/elpueblonoticia.com.ar\/web\/wp-json\/wp\/v2\/users\/2"}],"replies":[{"embeddable":true,"href":"https:\/\/elpueblonoticia.com.ar\/web\/wp-json\/wp\/v2\/comments?post=2637"}],"version-history":[{"count":0,"href":"https:\/\/elpueblonoticia.com.ar\/web\/wp-json\/wp\/v2\/posts\/2637\/revisions"}],"wp:featuredmedia":[{"embeddable":true,"href":"https:\/\/elpueblonoticia.com.ar\/web\/wp-json\/wp\/v2\/media\/2638"}],"wp:attachment":[{"href":"https:\/\/elpueblonoticia.com.ar\/web\/wp-json\/wp\/v2\/media?parent=2637"}],"wp:term":[{"taxonomy":"category","embeddable":true,"href":"https:\/\/elpueblonoticia.com.ar\/web\/wp-json\/wp\/v2\/categories?post=2637"},{"taxonomy":"post_tag","embeddable":true,"href":"https:\/\/elpueblonoticia.com.ar\/web\/wp-json\/wp\/v2\/tags?post=2637"}],"curies":[{"name":"wp","href":"https:\/\/api.w.org\/{rel}","templated":true}]}}